{"headers": {"id": "ID", "ano": "Ano", "numero": "N\u00famero", "tipo__sigla": "Tipo de Mat\u00e9ria Legislativa/Sigla", "tipo__descricao": "Tipo de Mat\u00e9ria Legislativa/Descri\u00e7\u00e3o", "autoria": "Autorias", "texto_original": "Texto Original", "ementa": "Ementa"}, "results": [{"id": "10", "ano": "2025", "numero": "1", "tipo__sigla": "IND", "tipo__descricao": "Indica\u00e7\u00e3o", "autoria": "EVA LUCENA", "texto_original": "http://sapl.saomamede.pb.leg.br/media/", "ementa": "Indica ao Excelent\u00edssimo Senhor Prefeito Constitucional do Munic\u00edpio de S\u00e3o Mamede - PB, a cria\u00e7\u00e3o da Secretaria de Pol\u00edticas P\u00fablicas para as Mulheres de S\u00e3o Mamede - PB."}, {"id": "105", "ano": "2025", "numero": "2", "tipo__sigla": "IND", "tipo__descricao": "Indica\u00e7\u00e3o", "autoria": "RONIVON GAMBARRA", "texto_original": "http://sapl.saomamede.pb.leg.br/media/", "ementa": "INDICA ao Prefeito de S\u00e3o Mamede - PB sobre a disponibiliza\u00e7\u00e3o, por parte do Poder Executivo Municipal, de um caminh\u00e3o de suc\u00e7\u00e3o destinado ao \r\nesgotamento de fossas s\u00e9pticas na zona rural do Munic\u00edpio de S\u00e3o Mamede \u2013 PB, e d\u00e1 outras provid\u00eancias."}, {"id": "113", "ano": "2025", "numero": "3", "tipo__sigla": "IND", "tipo__descricao": "Indica\u00e7\u00e3o", "autoria": "LU\u00cdZA S\u00c1TYRO", "texto_original": "http://sapl.saomamede.pb.leg.br/media/", "ementa": "Institui\u00e7\u00e3o do Programa \u201cCaixa D\u2019\u00c1gua Social\u201d, destinado \u00e0 distribui\u00e7\u00e3o e instala\u00e7\u00e3o gratuita de caixas d\u2019\u00e1gua para fam\u00edlias em situa\u00e7\u00e3o de vulnerabilidade social, no \u00e2mbito do Munic\u00edpio de S\u00e3o Mamede \u2013 PB"}, {"id": "140", "ano": "2025", "numero": "4", "tipo__sigla": "IND", "tipo__descricao": "Indica\u00e7\u00e3o", "autoria": "MAZZAROPE", "texto_original": "http://sapl.saomamede.pb.leg.br/media/", "ementa": "Indica ao Poder Executivo de S\u00e3o Mamede - PB o fornecimento gratuito de sensores de monitoramento cont\u00ednuo de glicose a crian\u00e7as e adolescentes \r\nportadores de Diabetes Mellitus Tipo 1, pertencentes a fam\u00edlias benefici\u00e1rias do Programa Bolsa Fam\u00edlia, e d\u00e1 outras provid\u00eancias."}, {"id": "162", "ano": "2025", "numero": "5", "tipo__sigla": "IND", "tipo__descricao": "Indica\u00e7\u00e3o", "autoria": "PROFESSOR GERL\u00daCIO", "texto_original": "http://sapl.saomamede.pb.leg.br/media/", "ementa": "Indica ao Excelent\u00edssimo Senhor Prefeito Constitucional de S\u00e3o Mamede/PB, Francisco das Chagas Lopes de Souza Filho, a cria\u00e7\u00e3o da Secretaria \r\nMunicipal da Juventude \u2013 SMJ, destinada \u00e0 formula\u00e7\u00e3o, coordena\u00e7\u00e3o e execu\u00e7\u00e3o de pol\u00edticas p\u00fablicas voltadas aos jovens do munic\u00edpio."}, {"id": "17", "ano": "2025", "numero": "1", "tipo__sigla": "MOC", "tipo__descricao": "Mo\u00e7\u00e3o de Congratula\u00e7\u00f5es e Aplausos", "autoria": "PROFESSOR GERL\u00daCIO", "texto_original": "http://sapl.saomamede.pb.leg.br/media/", "ementa": "Mo\u00e7\u00e3o de Congratula\u00e7\u00f5es e Aplausos, direcionada \u00e0 Dra. \u00c9rica Cristine Medeiros Machado."}, {"id": "18", "ano": "2025", "numero": "2", "tipo__sigla": "MOC", "tipo__descricao": "Mo\u00e7\u00e3o de Congratula\u00e7\u00f5es e Aplausos", "autoria": "J\u00daNIOR DE TOQUINHO", "texto_original": "http://sapl.saomamede.pb.leg.br/media/", "ementa": "Mo\u00e7\u00e3o de Congratula\u00e7\u00f5es e Aplausos direcionada ao Excelent\u00edssimo Senhor Desembargador Frederico Martinho da N\u00f3brega Coutinho."}, {"id": "19", "ano": "2025", "numero": "3", "tipo__sigla": "MOC", "tipo__descricao": "Mo\u00e7\u00e3o de Congratula\u00e7\u00f5es e Aplausos", "autoria": "J\u00daNIOR DE TOQUINHO", "texto_original": "http://sapl.saomamede.pb.leg.br/media/", "ementa": "Mo\u00e7\u00e3o de Congratula\u00e7\u00f5es e Aplausos direcionada ao Excelent\u00edssimo Senhor Hugo Motta Wanderley da N\u00f3brega."}, {"id": "20", "ano": "2025", "numero": "4", "tipo__sigla": "MOC", "tipo__descricao": "Mo\u00e7\u00e3o de Congratula\u00e7\u00f5es e Aplausos", "autoria": "LU\u00cdZA S\u00c1TYRO", "texto_original": "http://sapl.saomamede.pb.leg.br/media/", "ementa": "Mo\u00e7\u00e3o de Congratula\u00e7\u00f5es e Aplausos direcionada \u00e0 Excelent\u00edssima Senhora Maria das Gra\u00e7as Morais Guedes."}, {"id": "31", "ano": "2025", "numero": "5", "tipo__sigla": "MOC", "tipo__descricao": "Mo\u00e7\u00e3o de Congratula\u00e7\u00f5es e Aplausos", "autoria": "VEVE DE IRAN", "texto_original": "http://sapl.saomamede.pb.leg.br/media/", "ementa": "Mo\u00e7\u00e3o de Congratula\u00e7\u00f5es e Aplausos, direcionada \u00e0s Excelent\u00edssimas Sras. Vereadoras Eva Bezerra Ara\u00fajo de Lucena e Luiza S\u00e1tyro Morais de Medeiros e, por extens\u00e3o, a todas as mulheres de nossa cidade."}, {"id": "34", "ano": "2025", "numero": "6", "tipo__sigla": "MOC", "tipo__descricao": "Mo\u00e7\u00e3o de Congratula\u00e7\u00f5es e Aplausos", "autoria": "EVA LUCENA", "texto_original": "http://sapl.saomamede.pb.leg.br/media/", "ementa": "Mo\u00e7\u00e3o de congratula\u00e7\u00f5es e aplausos direcionada ao Senhor Francisco de Assis Fran\u00e7a Lima (Noninho), pela idealiza\u00e7\u00e3o e organiza\u00e7\u00e3o do Museu Virtual de S\u00e3o Mamede - PB."}, {"id": "59", "ano": "2025", "numero": "7", "tipo__sigla": "MOC", "tipo__descricao": "Mo\u00e7\u00e3o de Congratula\u00e7\u00f5es e Aplausos", "autoria": "EVA LUCENA", "texto_original": "http://sapl.saomamede.pb.leg.br/media/", "ementa": "Mo\u00e7\u00e3o de Congratula\u00e7\u00f5es e Aplausos direcionada \u00e0 Secretaria de Cultura e Artes de S\u00e3o Mamede - PB, bem como a todos os artistas, produtores, volunt\u00e1rios e demais envolvidos na grandiosa realiza\u00e7\u00e3o do espet\u00e1culo \"A Paix\u00e3o de Cristo\"."}, {"id": "60", "ano": "2025", "numero": "8", "tipo__sigla": "MOC", "tipo__descricao": "Mo\u00e7\u00e3o de Congratula\u00e7\u00f5es e Aplausos", "autoria": "LU\u00cdZA S\u00c1TYRO", "texto_original": "http://sapl.saomamede.pb.leg.br/media/", "ementa": "Mo\u00e7\u00e3o de Congratula\u00e7\u00f5es e Aplausos direcionada ao Professor Manoel Lucena (Col\u00f3) \u2013 Historiador, Poeta, Escritor e Ativista Cultural."}, {"id": "80", "ano": "2025", "numero": "9", "tipo__sigla": "MOC", "tipo__descricao": "Mo\u00e7\u00e3o de Congratula\u00e7\u00f5es e Aplausos", "autoria": "VEVE DE IRAN", "texto_original": "http://sapl.saomamede.pb.leg.br/media/", "ementa": "Mo\u00e7\u00e3o de Congratula\u00e7\u00f5es e Aplausos, direcionada ao Agente da Pol\u00edcia Rodovi\u00e1ria Federal Lucas Ferreira."}, {"id": "81", "ano": "2025", "numero": "10", "tipo__sigla": "MOC", "tipo__descricao": "Mo\u00e7\u00e3o de Congratula\u00e7\u00f5es e Aplausos", "autoria": "EVA LUCENA, J\u00daNIOR DE TOQUINHO, LU\u00cdZA S\u00c1TYRO, MAZZAROPE, NEOCL\u00c9CIO BATISTA, PROFESSOR GERL\u00daCIO, RONIVON GAMBARRA, V\u00c9I DA MUDA, VEVE DE IRAN", "texto_original": "http://sapl.saomamede.pb.leg.br/media/", "ementa": "Mo\u00e7\u00e3o de Congratula\u00e7\u00f5es e Aplausos, de autoria do Poder Legislativo de S\u00e3o Mamede - PB, direcionada \u00e0 For\u00e7a Expedicion\u00e1ria Brasileira (FEB) e seus integrantes oriundos do sert\u00e3o paraibano."}, {"id": "91", "ano": "2025", "numero": "11", "tipo__sigla": "MOC", "tipo__descricao": "Mo\u00e7\u00e3o de Congratula\u00e7\u00f5es e Aplausos", "autoria": "EVA LUCENA", "texto_original": "http://sapl.saomamede.pb.leg.br/media/", "ementa": "Mo\u00e7\u00e3o de congratula\u00e7\u00f5es e aplausos n.\u00ba 11/2025, direcionada a EMEIEF L\u00facia de F\u00e1tima Morais de Lucena."}, {"id": "92", "ano": "2025", "numero": "12", "tipo__sigla": "MOC", "tipo__descricao": "Mo\u00e7\u00e3o de Congratula\u00e7\u00f5es e Aplausos", "autoria": "EVA LUCENA", "texto_original": "http://sapl.saomamede.pb.leg.br/media/", "ementa": "Mo\u00e7\u00e3o de congratula\u00e7\u00f5es e aplausos n.\u00ba 12/2025, direcionada ao Capit\u00e3o Carneiro da PMPB."}, {"id": "95", "ano": "2025", "numero": "15", "tipo__sigla": "MOC", "tipo__descricao": "Mo\u00e7\u00e3o de Congratula\u00e7\u00f5es e Aplausos", "autoria": "VEVE DE IRAN", "texto_original": "http://sapl.saomamede.pb.leg.br/media/", "ementa": "Mo\u00e7\u00e3o de Congratula\u00e7\u00f5es e Aplausos n.\u00ba 15/2025, direcionada ao Pastor Rinaldo Peixoto dos Santos, da Assembl\u00e9ia de Deus de S\u00e3o Mamede - PB."}, {"id": "96", "ano": "2025", "numero": "16", "tipo__sigla": "MOC", "tipo__descricao": "Mo\u00e7\u00e3o de Congratula\u00e7\u00f5es e Aplausos", "autoria": "NEGUINHO DO PEIXE", "texto_original": "http://sapl.saomamede.pb.leg.br/media/", "ementa": "Mo\u00e7\u00e3o de Congratula\u00e7\u00f5es e Aplausos n.\u00ba 16/2025, direcionada ao Jovem Jobim Ara\u00fajo."}, {"id": "97", "ano": "2025", "numero": "17", "tipo__sigla": "MOC", "tipo__descricao": "Mo\u00e7\u00e3o de Congratula\u00e7\u00f5es e Aplausos", "autoria": "RONIVON GAMBARRA", "texto_original": "http://sapl.saomamede.pb.leg.br/media/", "ementa": "Mo\u00e7\u00e3o de Congratula\u00e7\u00f5es e Aplausos n.\u00ba 17/2025, direcionada a Eudemace Figueiredo e Cristina Neta, representantes do Or\u00e7amento Democr\u00e1tico Estadual."}, {"id": "103", "ano": "2025", "numero": "18", "tipo__sigla": "MOC", "tipo__descricao": "Mo\u00e7\u00e3o de Congratula\u00e7\u00f5es e Aplausos", "autoria": "VEVE DE IRAN", "texto_original": "http://sapl.saomamede.pb.leg.br/media/", "ementa": "Mo\u00e7\u00e3o de congratula\u00e7\u00f5es e aplausos, direcionada \u00e0 TV Sabugi, na pessoa do seu representante Gilberto Martins, pelos relevantes servi\u00e7os prestados \u00e0 nossa comunidade."}, {"id": "131", "ano": "2025", "numero": "19", "tipo__sigla": "MOC", "tipo__descricao": "Mo\u00e7\u00e3o de Congratula\u00e7\u00f5es e Aplausos", "autoria": "LU\u00cdZA S\u00c1TYRO", "texto_original": "http://sapl.saomamede.pb.leg.br/media/", "ementa": "Mo\u00e7\u00e3o de Congratula\u00e7\u00f5es e Aplausos direcionada \u00e0 Dra. Nayarah Xavier, m\u00e9dica oncologista, pela sua trajet\u00f3ria profissional exemplar e pelos relevantes servi\u00e7os prestados \u00e0 sa\u00fade p\u00fablica de Patos \u2013 PB, de toda a regi\u00e3o circunvizinha e, em especial, ao munic\u00edpio de S\u00e3o Mamede \u2013 PB."}, {"id": "132", "ano": "2025", "numero": "20", "tipo__sigla": "MOC", "tipo__descricao": "Mo\u00e7\u00e3o de Congratula\u00e7\u00f5es e Aplausos", "autoria": "LU\u00cdZA S\u00c1TYRO", "texto_original": "http://sapl.saomamede.pb.leg.br/media/", "ementa": "Mo\u00e7\u00e3o de Congratula\u00e7\u00f5es e Aplausos direcionada ao Dr. Thiago Pereira Alencar, m\u00e9dico mastologista que atua no Hospital do Bem, na cidade de Patos \u2013 PB, pelos relevantes servi\u00e7os prestados \u00e0 sa\u00fade p\u00fablica e pela dedica\u00e7\u00e3o \u00e0 popula\u00e7\u00e3o de S\u00e3o Mamede \u2013 PB e de toda a regi\u00e3o."}, {"id": "147", "ano": "2025", "numero": "21", "tipo__sigla": "MOC", "tipo__descricao": "Mo\u00e7\u00e3o de Congratula\u00e7\u00f5es e Aplausos", "autoria": "EVA LUCENA", "texto_original": "http://sapl.saomamede.pb.leg.br/media/", "ementa": "Mo\u00e7\u00e3o de Congratula\u00e7\u00f5es e Aplausos \u00e0 Secret\u00e1ria Municipal de Sa\u00fade, Sra. Vanilda Gambarra de Medeiros Lopes, em reconhecimento \u00e0 brilhante iniciativa e organiza\u00e7\u00e3o do evento \u201cCorrida do Rosa ao Azul\u201d, realizado no munic\u00edpio de S\u00e3o Mamede \u2013 PB."}, {"id": "172", "ano": "2025", "numero": "23", "tipo__sigla": "MOC", "tipo__descricao": "Mo\u00e7\u00e3o de Congratula\u00e7\u00f5es e Aplausos", "autoria": "MAZZAROPE", "texto_original": "http://sapl.saomamede.pb.leg.br/media/", "ementa": "Mo\u00e7\u00e3o de Congratula\u00e7\u00f5es e Aplausos direcionada a todas as jovens pastoras dos cord\u00f5es encarnado e azul, pelo protagonismo, brilho e excel\u00eancia art\u00edstica demonstrados na apresenta\u00e7\u00e3o do Pastoril 2025, durante a Festa de Nossa Senhora da Concei\u00e7\u00e3o."}, {"id": "78", "ano": "2025", "numero": "3", "tipo__sigla": "PDL", "tipo__descricao": "Projeto de Decreto Legislativo", "autoria": "V\u00c9I DA MUDA", "texto_original": "http://sapl.saomamede.pb.leg.br/media/", "ementa": "Concede o T\u00edtulo de Cidad\u00e3o s\u00e3omamedense ao Senhor Eudemace de Figueiredo Oliveira."}, {"id": "79", "ano": "2025", "numero": "4", "tipo__sigla": "PDL", "tipo__descricao": "Projeto de Decreto Legislativo", "autoria": "EVA LUCENA", "texto_original": "http://sapl.saomamede.pb.leg.br/media/", "ementa": "Concede o T\u00edtulo de Cidad\u00e3o s\u00e3omamedense ao Sr. Hot\u00falio Jos\u00e9 da N\u00f3brega J\u00fanior."}, {"id": "120", "ano": "2025", "numero": "5", "tipo__sigla": "PDL", "tipo__descricao": "Projeto de Decreto Legislativo", "autoria": "V\u00c9I DA MUDA", "texto_original": "http://sapl.saomamede.pb.leg.br/media/", "ementa": "Concede o T\u00edtulo de Cidad\u00e3o s\u00e3omamedense \u00e0 Sra. Acila Francisca da Silva."}, {"id": "163", "ano": "2025", "numero": "6", "tipo__sigla": "PDL", "tipo__descricao": "Projeto de Decreto Legislativo", "autoria": "PROFESSOR GERL\u00daCIO", "texto_original": "http://sapl.saomamede.pb.leg.br/media/", "ementa": "Concede o T\u00edtulo de Cidad\u00e3o Em\u00e9rito S\u00e3omamedense ao Professor Taffarel Fernandes Tavares de Melo e d\u00e1 outras provid\u00eancias."}, {"id": "164", "ano": "2025", "numero": "7", "tipo__sigla": "PDL", "tipo__descricao": "Projeto de Decreto Legislativo", "autoria": "NEOCL\u00c9CIO BATISTA, VEVE DE IRAN", "texto_original": "http://sapl.saomamede.pb.leg.br/media/", "ementa": "Concede o T\u00edtulo de Cidad\u00e3o S\u00e3omamedense ao Senhor Eurismar Sousa Ger\u00f4nimo e d\u00e1 outras provid\u00eancias."}, {"id": "165", "ano": "2025", "numero": "8", "tipo__sigla": "PDL", "tipo__descricao": "Projeto de Decreto Legislativo", "autoria": "EVA LUCENA, J\u00daNIOR DE TOQUINHO, LU\u00cdZA S\u00c1TYRO, MAZZAROPE, NEOCL\u00c9CIO BATISTA, PROFESSOR GERL\u00daCIO, RONIVON GAMBARRA, V\u00c9I DA MUDA, VEVE DE IRAN", "texto_original": "http://sapl.saomamede.pb.leg.br/media/", "ementa": "Concede o T\u00edtulo de Cidad\u00e3o S\u00e3omamedense ao Senhor Valmir Alves da Cruz e d\u00e1 outras provid\u00eancias."}, {"id": "166", "ano": "2025", "numero": "9", "tipo__sigla": "PDL", "tipo__descricao": "Projeto de Decreto Legislativo", "autoria": "MAZZAROPE", "texto_original": "http://sapl.saomamede.pb.leg.br/media/", "ementa": "Concede o T\u00edtulo de Cidad\u00e3 Em\u00e9rita S\u00e3o-Mamedense \u00e0 Enfermeira Fabiana Casusa de Oliveira e d\u00e1 outras provid\u00eancias."}, {"id": "167", "ano": "2025", "numero": "10", "tipo__sigla": "PDL", "tipo__descricao": "Projeto de Decreto Legislativo", "autoria": "MAZZAROPE", "texto_original": "http://sapl.saomamede.pb.leg.br/media/", "ementa": "Concede o T\u00edtulo de Cidad\u00e3o Em\u00e9rito S\u00e3o-Mamedense ao Odont\u00f3logo Dr. Vigolvino Pereira Pinto Neto e d\u00e1 outras provid\u00eancias."}, {"id": "90", "ano": "2025", "numero": "1", "tipo__sigla": "PLC", "tipo__descricao": "Projeto de Lei Complementar", "autoria": "Francisco das Chagas Lopes de Souza Filho", "texto_original": "http://sapl.saomamede.pb.leg.br/media/", "ementa": "SEGUNDA VOTA\u00c7\u00c3O: Disp\u00f5e sobre o estatuto dos servidores p\u00fablicos de S\u00e3o Mamede/PB e d\u00e1 outras provid\u00eancias."}, {"id": "2", "ano": "2025", "numero": "1", "tipo__sigla": "PLOLG", "tipo__descricao": "Projeto de Lei Ordin\u00e1ria do Legislativo", "autoria": "J\u00daNIOR DE TOQUINHO, EVA LUCENA, LU\u00cdZA S\u00c1TYRO, RONIVON GAMBARRA", "texto_original": "http://sapl.saomamede.pb.leg.br/media/sapl/public/materialegislativa/2025/2/projeto_de_lei_do_legislativo_n.o_001_2025_-_atualizacao_de_vencimentos_e_gratificacoes.pdf", "ementa": "\u201cDisp\u00f5e sobre a atualiza\u00e7\u00e3o de vencimentos e gratifica\u00e7\u00f5es dos funcion\u00e1rios ocupantes de cargo efetivo e de provimento em comiss\u00e3o da C\u00e2mara de Vereadores do Munic\u00edpio de S\u00e3o Mamede PB para o Exerc\u00edcio Financeiro/2025, e d\u00e1 provid\u00eancias correlatas\u201d."}, {"id": "25", "ano": "2025", "numero": "2", "tipo__sigla": "PLOLG", "tipo__descricao": "Projeto de Lei Ordin\u00e1ria do Legislativo", "autoria": "PROFESSOR GERL\u00daCIO, EVA LUCENA, J\u00daNIOR DE TOQUINHO, LU\u00cdZA S\u00c1TYRO, NEOCL\u00c9CIO BATISTA, RONIVON GAMBARRA", "texto_original": "http://sapl.saomamede.pb.leg.br/media/", "ementa": "Declara o Professor e educador Jo\u00e3o Medeiros de Ara\u00fajo - Jo\u00e3ozinho de Bi\u00e9 (in memorian), PATRONO DA EDUCA\u00c7\u00c3O DE S\u00c3O MAMEDE/PB."}, {"id": "26", "ano": "2025", "numero": "3", "tipo__sigla": "PLOLG", "tipo__descricao": "Projeto de Lei Ordin\u00e1ria do Legislativo", "autoria": "PROFESSOR GERL\u00daCIO, EVA LUCENA, J\u00daNIOR DE TOQUINHO, LU\u00cdZA S\u00c1TYRO, NEOCL\u00c9CIO BATISTA, RONIVON GAMBARRA", "texto_original": "http://sapl.saomamede.pb.leg.br/media/", "ementa": "Institui a Comenda Professor Jo\u00e3o Medeiros de Ara\u00fajo - Jo\u00e3ozinho de Bi\u00e9, e disp\u00f5e sobre a sua regulamenta\u00e7\u00e3o."}, {"id": "35", "ano": "2025", "numero": "4", "tipo__sigla": "PLOLG", "tipo__descricao": "Projeto de Lei Ordin\u00e1ria do Legislativo", "autoria": "RONIVON GAMBARRA", "texto_original": "http://sapl.saomamede.pb.leg.br/media/", "ementa": "Altera o art. 5\u00ba da Lei Municipal n.\u00ba 1.147/2024, que disp\u00f5e sobre \u201cemiss\u00e3o de carteirinhas de identifica\u00e7\u00e3o para os portadores de fibromialgia e assegura direitos especiais aos portadores dessa s\u00edndrome no munic\u00edpio de S\u00e3o Mamede - PB, e d\u00e1 outras provid\u00eancias.\u201d"}, {"id": "46", "ano": "2025", "numero": "5", "tipo__sigla": "PLOLG", "tipo__descricao": "Projeto de Lei Ordin\u00e1ria do Legislativo", "autoria": "EVA LUCENA, J\u00daNIOR DE TOQUINHO, LU\u00cdZA S\u00c1TYRO, MAZZAROPE, NEOCL\u00c9CIO BATISTA, PROFESSOR GERL\u00daCIO, RONIVON GAMBARRA, V\u00c9I DA MUDA, VEVE DE IRAN", "texto_original": "http://sapl.saomamede.pb.leg.br/media/", "ementa": "Concede a Comenda In\u00e1cio Bento de Morais ao Excelent\u00edssimo Senhor Umberto Jefferson de Morais Lima, em reconhecimento aos relevantes servi\u00e7os prestados ao munic\u00edpio de S\u00e3o Mamede - PB."}, {"id": "47", "ano": "2025", "numero": "6", "tipo__sigla": "PLOLG", "tipo__descricao": "Projeto de Lei Ordin\u00e1ria do Legislativo", "autoria": "EVA LUCENA", "texto_original": "http://sapl.saomamede.pb.leg.br/media/", "ementa": "Institui a Campanha \"Amigo da Natureza\", que disp\u00f5e sobre medidas de preserva\u00e7\u00e3o do meio ambiente e de educa\u00e7\u00e3o ambiental por meio do plantio coletivo de mudas de \u00e1rvores nativas."}, {"id": "48", "ano": "2025", "numero": "7", "tipo__sigla": "PLOLG", "tipo__descricao": "Projeto de Lei Ordin\u00e1ria do Legislativo", "autoria": "EVA LUCENA", "texto_original": "http://sapl.saomamede.pb.leg.br/media/", "ementa": "Disp\u00f5e sobre a cria\u00e7\u00e3o e instala\u00e7\u00e3o do Viveiro Municipal de Plantas no munic\u00edpio de S\u00e3o Mamede - PB e d\u00e1 outras provid\u00eancias."}, {"id": "49", "ano": "2025", "numero": "8", "tipo__sigla": "PLOLG", "tipo__descricao": "Projeto de Lei Ordin\u00e1ria do Legislativo", "autoria": "EVA LUCENA", "texto_original": "http://sapl.saomamede.pb.leg.br/media/", "ementa": "Declara o espet\u00e1culo \"A Paix\u00e3o de Cristo\", realizado anualmente na Sexta-feira da Paix\u00e3o do Senhor, como Patrim\u00f4nio Hist\u00f3rico, Cultural e Imaterial do Munic\u00edpio de S\u00e3o Mamede - PB, e assegura sua realiza\u00e7\u00e3o anual."}, {"id": "50", "ano": "2025", "numero": "9", "tipo__sigla": "PLOLG", "tipo__descricao": "Projeto de Lei Ordin\u00e1ria do Legislativo", "autoria": "PROFESSOR GERL\u00daCIO", "texto_original": "http://sapl.saomamede.pb.leg.br/media/", "ementa": "Institui carga hor\u00e1ria de trabalho reduzida para os servidores p\u00fablicos municipais portadores de fibromialgia no munic\u00edpio de S\u00e3o Mamede - PB e d\u00e1 outras provid\u00eancias."}, {"id": "61", "ano": "2025", "numero": "10", "tipo__sigla": "PLOLG", "tipo__descricao": "Projeto de Lei Ordin\u00e1ria do Legislativo", "autoria": "EVA LUCENA, J\u00daNIOR DE TOQUINHO, LU\u00cdZA S\u00c1TYRO, RONIVON GAMBARRA", "texto_original": "http://sapl.saomamede.pb.leg.br/media/", "ementa": "Disp\u00f5e sobre a concess\u00e3o de di\u00e1rias aos Vereadores e aos Servidores da C\u00e2mara Municipal de S\u00e3o Mamede, e d\u00e1 outras provid\u00eancias."}, {"id": "62", "ano": "2025", "numero": "11", "tipo__sigla": "PLOLG", "tipo__descricao": "Projeto de Lei Ordin\u00e1ria do Legislativo", "autoria": "LU\u00cdZA S\u00c1TYRO", "texto_original": "http://sapl.saomamede.pb.leg.br/media/", "ementa": "Disp\u00f5e sobre a obrigatoriedade do ensino de educa\u00e7\u00e3o ambiental integrada no curr\u00edculo escolar da educa\u00e7\u00e3o b\u00e1sica no Munic\u00edpio de S\u00e3o Mamede - PB, com \u00eanfase em conte\u00fados pr\u00e1ticos sobre sustentabilidade, reciclagem e prote\u00e7\u00e3o de recursos naturais, e d\u00e1 outras provid\u00eancias."}, {"id": "63", "ano": "2025", "numero": "12", "tipo__sigla": "PLOLG", "tipo__descricao": "Projeto de Lei Ordin\u00e1ria do Legislativo", "autoria": "LU\u00cdZA S\u00c1TYRO, EVA LUCENA", "texto_original": "http://sapl.saomamede.pb.leg.br/media/", "ementa": "Institui o Programa \u201cCaixa D\u2019\u00c1gua Social\u201d no Munic\u00edpio de S\u00e3o Mamede - PB, destinado \u00e0 distribui\u00e7\u00e3o e instala\u00e7\u00e3o gratuita de caixas d\u2019\u00e1gua para\r\nfam\u00edlias em situa\u00e7\u00e3o de vulnerabilidade social, e d\u00e1 outras provid\u00eancias."}, {"id": "75", "ano": "2025", "numero": "13", "tipo__sigla": "PLOLG", "tipo__descricao": "Projeto de Lei Ordin\u00e1ria do Legislativo", "autoria": "LU\u00cdZA S\u00c1TYRO", "texto_original": "http://sapl.saomamede.pb.leg.br/media/", "ementa": "Inclui o \u201cDia do Gari\u201d no Calend\u00e1rio Oficial de Eventos do Munic\u00edpio de S\u00e3o Mamede - PB e d\u00e1 outras provid\u00eancias."}, {"id": "76", "ano": "2025", "numero": "14", "tipo__sigla": "PLOLG", "tipo__descricao": "Projeto de Lei Ordin\u00e1ria do Legislativo", "autoria": "NEOCL\u00c9CIO BATISTA, J\u00daNIOR DE TOQUINHO, VEVE DE IRAN", "texto_original": "http://sapl.saomamede.pb.leg.br/media/", "ementa": "Disp\u00f5e sobre a obrigatoriedade da presen\u00e7a de profissional tradutor e int\u00e9rprete da L\u00edngua Brasileira de Sinais \u2013 LIBRAS \u2013 nas transmiss\u00f5es virtuais das sess\u00f5es solenes, ordin\u00e1rias e extraordin\u00e1rias da C\u00e2mara Municipal de S\u00e3o Mamede-PB, e d\u00e1 outras provid\u00eancias."}, {"id": "93", "ano": "2025", "numero": "15", "tipo__sigla": "PLOLG", "tipo__descricao": "Projeto de Lei Ordin\u00e1ria do Legislativo", "autoria": "LU\u00cdZA S\u00c1TYRO", "texto_original": "http://sapl.saomamede.pb.leg.br/media/", "ementa": "Institui, no \u00e2mbito do Munic\u00edpio de S\u00e3o Mamede \u2013 PB, o \u201cAgosto Verde: M\u00eas da Primeira Inf\u00e2ncia\u201d, em conformidade com a Lei Federal n\u00ba 14.617, de 10 de julho de 2023, e d\u00e1 outras provid\u00eancias."}, {"id": "94", "ano": "2025", "numero": "16", "tipo__sigla": "PLOLG", "tipo__descricao": "Projeto de Lei Ordin\u00e1ria do Legislativo", "autoria": "VEVE DE IRAN", "texto_original": "http://sapl.saomamede.pb.leg.br/media/", "ementa": "Disp\u00f5e sobre a proibi\u00e7\u00e3o do plantio da \u00e1rvore \u201cnim\u201d (Azadirachta Indica) no munic\u00edpio de S\u00e3o Mamede e incentiva a substitui\u00e7\u00e3o gradual por esp\u00e9cies \r\nfrut\u00edferas nativas ou adaptadas, em parceria com a Prefeitura, e d\u00e1 outras provid\u00eancias."}, {"id": "98", "ano": "2025", "numero": "17", "tipo__sigla": "PLOLG", "tipo__descricao": "Projeto de Lei Ordin\u00e1ria do Legislativo", "autoria": "J\u00daNIOR DE TOQUINHO", "texto_original": "http://sapl.saomamede.pb.leg.br/media/", "ementa": "Denomina de \u201cFlaviano Bento de Morais (Fl\u00e1vio Bento)\u201d a Sala do(a) Secret\u00e1rio(a) Executivo(a) da C\u00e2mara Municipal de S\u00e3o Mamede - PB."}, {"id": "99", "ano": "2025", "numero": "18", "tipo__sigla": "PLOLG", "tipo__descricao": "Projeto de Lei Ordin\u00e1ria do Legislativo", "autoria": "NEOCL\u00c9CIO BATISTA", "texto_original": "http://sapl.saomamede.pb.leg.br/media/", "ementa": "Denomina de \u201cJos\u00e9 Delfino Gambarra (Z\u00e9 Delfino)\u201d a Sala de Reuni\u00f5es da C\u00e2mara Municipal de S\u00e3o Mamede - PB."}, {"id": "100", "ano": "2025", "numero": "19", "tipo__sigla": "PLOLG", "tipo__descricao": "Projeto de Lei Ordin\u00e1ria do Legislativo", "autoria": "NEOCL\u00c9CIO BATISTA, EVA LUCENA, J\u00daNIOR DE TOQUINHO, MAZZAROPE, NEGUINHO DO PEIXE, RONIVON GAMBARRA, VEVE DE IRAN", "texto_original": "http://sapl.saomamede.pb.leg.br/media/", "ementa": "Disp\u00f5e sobre a obrigatoriedade da execu\u00e7\u00e3o e do canto do Hino Nacional Brasileiro nas escolas p\u00fablicas do Munic\u00edpio de S\u00e3o Mamede - PB, na primeira segunda-feira de cada m\u00eas, e d\u00e1 outras provid\u00eancias."}, {"id": "112", "ano": "2025", "numero": "20", "tipo__sigla": "PLOLG", "tipo__descricao": "Projeto de Lei Ordin\u00e1ria do Legislativo", "autoria": "NEGUINHO DO PEIXE", "texto_original": "http://sapl.saomamede.pb.leg.br/media/", "ementa": "Disp\u00f5e sobre a identifica\u00e7\u00e3o da frota de ve\u00edculos oficiais da Administra\u00e7\u00e3o P\u00fablica Municipal e d\u00e1 outras provid\u00eancias."}, {"id": "114", "ano": "2025", "numero": "21", "tipo__sigla": "PLOLG", "tipo__descricao": "Projeto de Lei Ordin\u00e1ria do Legislativo", "autoria": "LU\u00cdZA S\u00c1TYRO", "texto_original": "http://sapl.saomamede.pb.leg.br/media/", "ementa": "Concede a Comenda In\u00e1cio Bento de Morais ao Excelent\u00edssimo Senhor Governador do Estado da Para\u00edba, Jo\u00e3o Azev\u00eado Lins Filho, em reconhecimento ao brilhantismo do trabalho administrativo \u00e0 frente do Estado, especialmente pela realiza\u00e7\u00e3o do Programa \u201cOpera Para\u00edba\u201d, que vem transformando a \r\nvida de milhares de paraibanos."}, {"id": "115", "ano": "2025", "numero": "22", "tipo__sigla": "PLOLG", "tipo__descricao": "Projeto de Lei Ordin\u00e1ria do Legislativo", "autoria": "MAZZAROPE", "texto_original": "http://sapl.saomamede.pb.leg.br/media/", "ementa": "Disp\u00f5e sobre o reconhecimento do Wheeling, \u201cGrau\u201d, e demais manobras de Motocicletas como pr\u00e1tica esportiva no \u00e2mbito da cidade de S\u00e3o Mamede -PB e d\u00e1 outras provid\u00eancias."}, {"id": "116", "ano": "2025", "numero": "23", "tipo__sigla": "PLOLG", "tipo__descricao": "Projeto de Lei Ordin\u00e1ria do Legislativo", "autoria": "EVA LUCENA", "texto_original": "http://sapl.saomamede.pb.leg.br/media/", "ementa": "Reconhece como Patrim\u00f4nio P\u00fablico, Cultural e Imaterial do Munic\u00edpio de S\u00e3o Mamede/PB, a cultura municipal da cavalgada, e d\u00e1 outras provid\u00eancias."}, {"id": "117", "ano": "2025", "numero": "24", "tipo__sigla": "PLOLG", "tipo__descricao": "Projeto de Lei Ordin\u00e1ria do Legislativo", "autoria": "EVA LUCENA", "texto_original": "http://sapl.saomamede.pb.leg.br/media/", "ementa": "Institui o Programa de Apoio \u00e0s M\u00e3es At\u00edpicas no Munic\u00edpio de S\u00e3o Mamede \u2013 PB, e d\u00e1 outras provid\u00eancias."}, {"id": "118", "ano": "2025", "numero": "25", "tipo__sigla": "PLOLG", "tipo__descricao": "Projeto de Lei Ordin\u00e1ria do Legislativo", "autoria": "EVA LUCENA", "texto_original": "http://sapl.saomamede.pb.leg.br/media/", "ementa": "Disp\u00f5e sobre o Programa Municipal de Incentivo \u00e0 Pr\u00e1tica de Esporte ao Ar Livre e Corridas de Rua e reconhece como modalidade esportiva com a \r\ngarantia de acessibilidade em vias p\u00fablicas no munic\u00edpio de S\u00e3o Mamede - PB, e d\u00e1 outras provid\u00eancias."}, {"id": "119", "ano": "2025", "numero": "26", "tipo__sigla": "PLOLG", "tipo__descricao": "Projeto de Lei Ordin\u00e1ria do Legislativo", "autoria": "EVA LUCENA, J\u00daNIOR DE TOQUINHO, LU\u00cdZA S\u00c1TYRO, MAZZAROPE, NEGUINHO DO PEIXE, NEOCL\u00c9CIO BATISTA, RONIVON GAMBARRA, V\u00c9I DA MUDA, VEVE DE IRAN", "texto_original": "http://sapl.saomamede.pb.leg.br/media/", "ementa": "Disp\u00f5e sobre a concess\u00e3o de honrarias e reconhecimento p\u00fablico ao Professor R\u00d4MULO ROMEU DA N\u00d3BREGA ALVES, natural do Munic\u00edpio de S\u00e3o Mamede \u2013 PB, por sua not\u00e1vel contribui\u00e7\u00e3o \u00e0 ci\u00eancia mundial e pela inclus\u00e3o de seu nome entre os cientistas mais influentes do mundo no ano de 2025, conforme ranking internacional elaborado em parceria com a Universidade de Stanford (EUA), e d\u00e1 outras provid\u00eancias."}, {"id": "134", "ano": "2025", "numero": "27", "tipo__sigla": "PLOLG", "tipo__descricao": "Projeto de Lei Ordin\u00e1ria do Legislativo", "autoria": "J\u00daNIOR DE TOQUINHO, VEVE DE IRAN", "texto_original": "http://sapl.saomamede.pb.leg.br/media/", "ementa": "Institui o Programa \u201cC\u00e2mara em A\u00e7\u00e3o\u201d, no \u00e2mbito da C\u00e2mara Municipal de S\u00e3o Mamede, e d\u00e1 outras provid\u00eancias."}, {"id": "139", "ano": "2025", "numero": "28", "tipo__sigla": "PLOLG", "tipo__descricao": "Projeto de Lei Ordin\u00e1ria do Legislativo", "autoria": "J\u00daNIOR DE TOQUINHO", "texto_original": "http://sapl.saomamede.pb.leg.br/media/", "ementa": "Concede a Comenda In\u00e1cio Bento de Morais ao Senhor Pedro Trindade Lima, pelos relevantes servi\u00e7os prestados \u00e0 comunidade s\u00e3omamedense."}, {"id": "141", "ano": "2025", "numero": "29", "tipo__sigla": "PLOLG", "tipo__descricao": "Projeto de Lei Ordin\u00e1ria do Legislativo", "autoria": "EVA LUCENA, NEOCL\u00c9CIO BATISTA", "texto_original": "http://sapl.saomamede.pb.leg.br/media/", "ementa": "Disp\u00f5e sobre a concess\u00e3o da Comenda Professora Atenisia Eunice de Oliveira \u00e0 Professora Mestra M\u00f4nica Leite da N\u00f3brega e d\u00e1 outras \r\nprovid\u00eancias."}, {"id": "151", "ano": "2025", "numero": "30", "tipo__sigla": "PLOLG", "tipo__descricao": "Projeto de Lei Ordin\u00e1ria do Legislativo", "autoria": "MAZZAROPE", "texto_original": "http://sapl.saomamede.pb.leg.br/media/", "ementa": "Concede a Comenda In\u00e1cio Bento de Morais ao M\u00e9dico Ortopedista Dr. Umberto Jansen de Morais Lima e d\u00e1 outras provid\u00eancias."}, {"id": "152", "ano": "2025", "numero": "31", "tipo__sigla": "PLOLG", "tipo__descricao": "Projeto de Lei Ordin\u00e1ria do Legislativo", "autoria": "MAZZAROPE", "texto_original": "http://sapl.saomamede.pb.leg.br/media/", "ementa": "Concede a Comenda In\u00e1cio Bento de Morais ao M\u00e9dico Oftalmologista Dr. Nilson Neto de Ara\u00fajo Morais e d\u00e1 outras provid\u00eancias."}, {"id": "153", "ano": "2025", "numero": "32", "tipo__sigla": "PLOLG", "tipo__descricao": "Projeto de Lei Ordin\u00e1ria do Legislativo", "autoria": "MAZZAROPE", "texto_original": "http://sapl.saomamede.pb.leg.br/media/", "ementa": "Concede a Comenda In\u00e1cio Bento de Morais ao Senhor Francisco das Chagas Alves Pereira e d\u00e1 outras provid\u00eancias."}, {"id": "159", "ano": "2025", "numero": "33", "tipo__sigla": "PLOLG", "tipo__descricao": "Projeto de Lei Ordin\u00e1ria do Legislativo", "autoria": "EVA LUCENA, J\u00daNIOR DE TOQUINHO, LU\u00cdZA S\u00c1TYRO, MAZZAROPE, NEOCL\u00c9CIO BATISTA, PROFESSOR GERL\u00daCIO, RONIVON GAMBARRA, V\u00c9I DA MUDA, VEVE DE IRAN", "texto_original": "http://sapl.saomamede.pb.leg.br/media/", "ementa": "Regulamenta a Comenda In\u00e1cio Bento de Morais como a maior honraria outorgada pelo Poder Legislativo Municipal de S\u00e3o Mamede \u2013 PB, e d\u00e1 outras provid\u00eancias."}, {"id": "160", "ano": "2025", "numero": "34", "tipo__sigla": "PLOLG", "tipo__descricao": "Projeto de Lei Ordin\u00e1ria do Legislativo", "autoria": "EVA LUCENA", "texto_original": "http://sapl.saomamede.pb.leg.br/media/", "ementa": "Disp\u00f5e sobre o reconhecimento do \u201cEncontro da Fam\u00edlia Delfino: descendentes de Chico de Zez\u00e9 e Lucila\u201d como Patrim\u00f4nio Cultural, Hist\u00f3rico e \r\nImaterial do Munic\u00edpio de S\u00e3o Mamede/PB, e d\u00e1 outras provid\u00eancias."}, {"id": "161", "ano": "2025", "numero": "35", "tipo__sigla": "PLOLG", "tipo__descricao": "Projeto de Lei Ordin\u00e1ria do Legislativo", "autoria": "LU\u00cdZA S\u00c1TYRO, EVA LUCENA, J\u00daNIOR DE TOQUINHO, MAZZAROPE, NEOCL\u00c9CIO BATISTA, PROFESSOR GERL\u00daCIO, RONIVON GAMBARRA, V\u00c9I DA MUDA, VEVE DE IRAN", "texto_original": "http://sapl.saomamede.pb.leg.br/media/", "ementa": "Disp\u00f5e sobre a concess\u00e3o da Comenda In\u00e1cio Bento de Morais ao Reverend\u00edssimo Padre Bruno de Ara\u00fajo Lucena e d\u00e1 outras provid\u00eancias."}, {"id": "157", "ano": "2025", "numero": "2", "tipo__sigla": "PRE", "tipo__descricao": "Projeto de Resolu\u00e7\u00e3o", "autoria": "", "texto_original": "http://sapl.saomamede.pb.leg.br/media/", "ementa": "Disp\u00f5e sobre o Regimento Interno do Poder Legislativo do Munic\u00edpio de S\u00e3o Mamede/PB, e d\u00e1 outras provid\u00eancias."}, {"id": "3", "ano": "2025", "numero": "1", "tipo__sigla": "REQ", "tipo__descricao": "Requerimento", "autoria": "EVA LUCENA", "texto_original": "http://sapl.saomamede.pb.leg.br/media/sapl/public/materialegislativa/2025/3/requerimento_no_01_2025_-_presenca_da_assessora_juridica.pdf", "ementa": "Solicita\u00e7\u00e3o: Solicito a presen\u00e7a da Assessora Jur\u00eddica nas sess\u00f5es ordin\u00e1rias, extraordin\u00e1rias, solenes e reuni\u00f5es das comiss\u00f5es internas desta Casa Legislativa."}, {"id": "4", "ano": "2025", "numero": "2", "tipo__sigla": "REQ", "tipo__descricao": "Requerimento", "autoria": "MAZZAROPE", "texto_original": "http://sapl.saomamede.pb.leg.br/media/sapl/public/materialegislativa/2025/4/requerimento_no_02_2025_-_interdicao_de_uma_das_vias_da_av._francisco_de_assis_medeiros.pdf", "ementa": "Solicita\u00e7\u00e3o: Que seja interditada uma das vias da Av. Francisco de Assis Medeiros, de segunda a sexta-feira, no hor\u00e1rio das 17:00h \u00e0s 20:00h, para a pr\u00e1tica de esportes, como: caminhada, corrida e pedal."}, {"id": "5", "ano": "2025", "numero": "3", "tipo__sigla": "REQ", "tipo__descricao": "Requerimento", "autoria": "MAZZAROPE", "texto_original": "http://sapl.saomamede.pb.leg.br/media/sapl/public/materialegislativa/2025/5/requerimento_no_03_2025_-_vistoria_na_problematica_de_escoamento_proximo_as_casas_do_sr._rivanio_e_caboclo_mototaxi.pdf", "ementa": "Solicita\u00e7\u00e3o: Que seja realizada uma vistoria in loco, pela Secretaria de Infraestrutura da Prefeitura Municipal de S\u00e3o Mamede - PB, na Rua Ven\u00e2ncio Neiva, pr\u00f3ximo \u00e0s casas do Sr. Riv\u00e2nio e do Sr. Caboclo Moto T\u00e1xi, visando buscar uma solu\u00e7\u00e3o para a problem\u00e1tica do escoamento de \u00e1guas naquela localidade."}, {"id": "6", "ano": "2025", "numero": "4", "tipo__sigla": "REQ", "tipo__descricao": "Requerimento", "autoria": "RONIVON GAMBARRA", "texto_original": "http://sapl.saomamede.pb.leg.br/media/sapl/public/materialegislativa/2025/6/requerimento_no_04_2025_-_solucao_para_vala_aberta_na_rua_severino_neves_de_araujo.pdf", "ementa": "Solicita\u00e7\u00e3o: Que sejam tomadas as devidas provid\u00eancias para solucionar a situa\u00e7\u00e3o de uma vala aberta na Rua Severino Neves de Ara\u00fajo, que tem causado transtornos aos moradores e pedestres que transitam pela via."}, {"id": "7", "ano": "2025", "numero": "5", "tipo__sigla": "REQ", "tipo__descricao": "Requerimento", "autoria": "PROFESSOR GERL\u00daCIO, VEVE DE IRAN", "texto_original": "http://sapl.saomamede.pb.leg.br/media/sapl/public/materialegislativa/2025/7/requerimento_no_05_2025_-_atualizacao_do_regimento_interno_da_camara_municipal_de_sao_mamede.pdf", "ementa": "Solicita\u00e7\u00e3o: Que sejam tomadas as provid\u00eancias necess\u00e1rias para a atualiza\u00e7\u00e3o do Regimento Interno da C\u00e2mara Municipal de S\u00e3o Mamede - PB."}, {"id": "8", "ano": "2025", "numero": "6", "tipo__sigla": "REQ", "tipo__descricao": "Requerimento", "autoria": "VEVE DE IRAN", "texto_original": "http://sapl.saomamede.pb.leg.br/media/sapl/public/materialegislativa/2025/8/requerimento_no_06_2025_-_melhoramento_na_iluminacao_publica_da_rua_luiz_xavier_e_do_lot._mizael_de_oliveira.pdf", "ementa": "Solicita\u00e7\u00e3o: Solicita melhorias na ilumina\u00e7\u00e3o p\u00fablica da Rua Luiz Xavier de Andrade, assim como, no Loteamento Mizael de Oliveira e solicita a implanta\u00e7\u00e3o de um poste com lumin\u00e1ria na Rua Ant\u00f4nio Ferreira de Freitas."}, {"id": "11", "ano": "2025", "numero": "7", "tipo__sigla": "REQ", "tipo__descricao": "Requerimento", "autoria": "RONIVON GAMBARRA", "texto_original": "http://sapl.saomamede.pb.leg.br/media/", "ementa": "Solicita o esgotamento de um fosso que est\u00e1 transbordando por tr\u00e1s da Rua Santos Dumont, assim como, solicito que seja feita uma limpeza no local, pois a vegeta\u00e7\u00e3o est\u00e1 muito grande, devido ao per\u00edodo chuvoso."}, {"id": "12", "ano": "2025", "numero": "8", "tipo__sigla": "REQ", "tipo__descricao": "Requerimento", "autoria": "VEVE DE IRAN", "texto_original": "http://sapl.saomamede.pb.leg.br/media/", "ementa": "Solicita a realoca\u00e7\u00e3o da Cozinha Comunit\u00e1ria de nossa cidade."}, {"id": "13", "ano": "2025", "numero": "9", "tipo__sigla": "REQ", "tipo__descricao": "Requerimento", "autoria": "VEVE DE IRAN", "texto_original": "http://sapl.saomamede.pb.leg.br/media/", "ementa": "Solicita que seja analisada a possibilidade de realizar passeio com os idosos do ILPI, como forma de promover a intera\u00e7\u00e3o social e o bem-estar destes."}, {"id": "14", "ano": "2025", "numero": "10", "tipo__sigla": "REQ", "tipo__descricao": "Requerimento", "autoria": "VEVE DE IRAN", "texto_original": "http://sapl.saomamede.pb.leg.br/media/", "ementa": "Solicita a pintura de um redutor de velocidade na Rua Luiz Xavier de Andrade, tendo em vista a necessidade de garantir maior visibilidade e seguran\u00e7a para condutores e pedestres que trafegam por essa via."}, {"id": "15", "ano": "2025", "numero": "11", "tipo__sigla": "REQ", "tipo__descricao": "Requerimento", "autoria": "EVA LUCENA", "texto_original": "http://sapl.saomamede.pb.leg.br/media/", "ementa": "Solicita a abertura do Mercado P\u00fablico Municipal \"Francisco de Assis Gomes\" nos seguintes hor\u00e1rios: das 06:00h \u00e0s 11:00h e das 13h30min \u00e0s 17:00h."}, {"id": "16", "ano": "2025", "numero": "12", "tipo__sigla": "REQ", "tipo__descricao": "Requerimento", "autoria": "NEOCL\u00c9CIO BATISTA, VEVE DE IRAN", "texto_original": "http://sapl.saomamede.pb.leg.br/media/", "ementa": "Solicita a constru\u00e7\u00e3o de faixa elevada de pedestres, defronte \u00e0s Escolas Francisco Pergentino de Ara\u00fajo Filho e L\u00facia de F\u00e1tima Morais de Lucena."}, {"id": "29", "ano": "2025", "numero": "13", "tipo__sigla": "REQ", "tipo__descricao": "Requerimento", "autoria": "EVA LUCENA, J\u00daNIOR DE TOQUINHO, LU\u00cdZA S\u00c1TYRO, RONIVON GAMBARRA", "texto_original": "http://sapl.saomamede.pb.leg.br/media/", "ementa": "Solicita a cria\u00e7\u00e3o do Conselho Municipal de Pol\u00edticas P\u00fablicas para as mulheres, com composi\u00e7\u00e3o parit\u00e1ria entre representantes do governo municipal e da sociedade civil, conforme legisla\u00e7\u00e3o vigente e em conformidade com os princ\u00edpios da equidade de g\u00eanero."}, {"id": "30", "ano": "2025", "numero": "14", "tipo__sigla": "REQ", "tipo__descricao": "Requerimento", "autoria": "PROFESSOR GERL\u00daCIO", "texto_original": "http://sapl.saomamede.pb.leg.br/media/", "ementa": "Solicita a realiza\u00e7\u00e3o da capina\u00e7\u00e3o e limpeza de um terreno baldio localizado ao final da Rua Frei Martinho, nas proximidades da resid\u00eancia do Sr. Justino Terto e aos fundos da casa da Sra. Concei\u00e7\u00e3o Medeiros."}, {"id": "32", "ano": "2025", "numero": "15", "tipo__sigla": "REQ", "tipo__descricao": "Requerimento", "autoria": "VEVE DE IRAN", "texto_original": "http://sapl.saomamede.pb.leg.br/media/", "ementa": "Solicita a instala\u00e7\u00e3o de um ponto de \u00f4nibus para os moradores do Conjunto Jardim S\u00e3o Mamede."}, {"id": "33", "ano": "2025", "numero": "16", "tipo__sigla": "REQ", "tipo__descricao": "Requerimento", "autoria": "VEVE DE IRAN", "texto_original": "http://sapl.saomamede.pb.leg.br/media/", "ementa": "Solicita a substitui\u00e7\u00e3o das l\u00e2mpadas solares, por l\u00e2mpadas de LED 220v, em todas as quadras de nossa cidade (urbanas e rurais), que se encaixam nesse pedido, assim como, no Conjunto Jardim S\u00e3o Mamede."}, {"id": "36", "ano": "2025", "numero": "17", "tipo__sigla": "REQ", "tipo__descricao": "Requerimento", "autoria": "J\u00daNIOR DE TOQUINHO", "texto_original": "http://sapl.saomamede.pb.leg.br/media/", "ementa": "Solicita ao Prefeito Constitucional de S\u00e3o Mamede - PB, a restaura\u00e7\u00e3o dos baldes de dois a\u00e7udes que fazem parte da estrada que liga ao S\u00edtio Serra Branca: o balde do a\u00e7ude do Sr. Ant\u00f4nio Severino Ara\u00fajo e o Sr. Djalma de Manoel Augusto."}, {"id": "37", "ano": "2025", "numero": "18", "tipo__sigla": "REQ", "tipo__descricao": "Requerimento", "autoria": "J\u00daNIOR DE TOQUINHO", "texto_original": "http://sapl.saomamede.pb.leg.br/media/", "ementa": "Solicita ao Prefeito Constitucional de S\u00e3o Mamede - PB, a reabertura da Cozinha Comunit\u00e1ria Rural do S\u00edtio Serra Branca."}, {"id": "38", "ano": "2025", "numero": "19", "tipo__sigla": "REQ", "tipo__descricao": "Requerimento", "autoria": "RONIVON GAMBARRA", "texto_original": "http://sapl.saomamede.pb.leg.br/media/", "ementa": "Solicita ao Prefeito Constitucional de S\u00e3o Mamede - PB, a instala\u00e7\u00e3o de um ponto do servi\u00e7o de som municipal (difusora), no cruzamento das ruas Manoel C\u00edcero Pereira e Sebasti\u00e3o Ferreira dos Santos, pr\u00f3ximo \u00e0 caixa d\u2019\u00e1gua da CAGEPA."}, {"id": "40", "ano": "2025", "numero": "20", "tipo__sigla": "REQ", "tipo__descricao": "Requerimento", "autoria": "MAZZAROPE", "texto_original": "http://sapl.saomamede.pb.leg.br/media/", "ementa": "Solicita a implanta\u00e7\u00e3o da \u201cFeira do Muafo\u201d, no munic\u00edpio de S\u00e3o Mamede - PB, no primeiro s\u00e1bado de cada m\u00eas."}, {"id": "41", "ano": "2025", "numero": "21", "tipo__sigla": "REQ", "tipo__descricao": "Requerimento", "autoria": "MAZZAROPE", "texto_original": "http://sapl.saomamede.pb.leg.br/media/", "ementa": "Solicita a inclus\u00e3o do munic\u00edpio de S\u00e3o Mamede no Programa Agente Jovem Ambiental - AJA."}, {"id": "42", "ano": "2025", "numero": "22", "tipo__sigla": "REQ", "tipo__descricao": "Requerimento", "autoria": "MAZZAROPE", "texto_original": "http://sapl.saomamede.pb.leg.br/media/", "ementa": "Solicita a implanta\u00e7\u00e3o de turma masculina nas aulas de hidrogin\u00e1stica disponibilizadas pela Prefeitura Municipal de S\u00e3o Mamede - PB"}, {"id": "43", "ano": "2025", "numero": "23", "tipo__sigla": "REQ", "tipo__descricao": "Requerimento", "autoria": "NEOCL\u00c9CIO BATISTA", "texto_original": "http://sapl.saomamede.pb.leg.br/media/", "ementa": "Solicita a restaura\u00e7\u00e3o da estrada que liga a entrada de nossa cidade (via Santa Luzia e Patos) \u00e0 Rua Santos Dumont."}, {"id": "44", "ano": "2025", "numero": "24", "tipo__sigla": "REQ", "tipo__descricao": "Requerimento", "autoria": "LU\u00cdZA S\u00c1TYRO", "texto_original": "http://sapl.saomamede.pb.leg.br/media/", "ementa": "Solicita a implanta\u00e7\u00e3o do Programa de Aten\u00e7\u00e3o \u00e0 Primeira Inf\u00e2ncia - PAI, o Cart\u00e3o, no munic\u00edpio de S\u00e3o Mamede/PB."}, {"id": "45", "ano": "2025", "numero": "25", "tipo__sigla": "REQ", "tipo__descricao": "Requerimento", "autoria": "LU\u00cdZA S\u00c1TYRO", "texto_original": "http://sapl.saomamede.pb.leg.br/media/", "ementa": "Solicita a solicita\u00e7\u00e3o de instala\u00e7\u00e3o de redutores de velocidade na Rua Ant\u00f4nio Galdino de Medeiros."}, {"id": "51", "ano": "2025", "numero": "26", "tipo__sigla": "REQ", "tipo__descricao": "Requerimento", "autoria": "PROFESSOR GERL\u00daCIO", "texto_original": "http://sapl.saomamede.pb.leg.br/media/", "ementa": "Solicita ao Secret\u00e1rio de Agricultura de S\u00e3o Mamede - PB, a realiza\u00e7\u00e3o de uma Audi\u00eancia P\u00fablica ou Palestra sobre o \"Desenrola Rural\""}, {"id": "52", "ano": "2025", "numero": "27", "tipo__sigla": "REQ", "tipo__descricao": "Requerimento", "autoria": "PROFESSOR GERL\u00daCIO", "texto_original": "http://sapl.saomamede.pb.leg.br/media/", "ementa": "Solicita a recupera\u00e7\u00e3o da estrada de acesso \u00e0s resid\u00eancias do Prof. Alcides Olinto, Prof. Marcelino Elizeu e Vit\u00f3ria Benvinda, zona rural de S\u00e3o Mamede - PB."}, {"id": "53", "ano": "2025", "numero": "28", "tipo__sigla": "REQ", "tipo__descricao": "Requerimento", "autoria": "PROFESSOR GERL\u00daCIO", "texto_original": "http://sapl.saomamede.pb.leg.br/media/", "ementa": "Solicita a amplia\u00e7\u00e3o das cozinhas comunit\u00e1rias para as regi\u00f5es rurais de Gatos, Bara\u00fanas e Angola."}, {"id": "54", "ano": "2025", "numero": "29", "tipo__sigla": "REQ", "tipo__descricao": "Requerimento", "autoria": "PROFESSOR GERL\u00daCIO", "texto_original": "http://sapl.saomamede.pb.leg.br/media/", "ementa": "Solicita a instala\u00e7\u00e3o de ilumina\u00e7\u00e3o p\u00fablica (bra\u00e7o de luz) nas ruas Jos\u00e9 Gabriel Ramos, Nestor Leal do Couto e Honorina Trindade."}, {"id": "55", "ano": "2025", "numero": "30", "tipo__sigla": "REQ", "tipo__descricao": "Requerimento", "autoria": "VEVE DE IRAN", "texto_original": "http://sapl.saomamede.pb.leg.br/media/", "ementa": "Solicita a capina\u00e7\u00e3o na pra\u00e7a ao lado da UBS Ana Maria Isidoro de Andrade."}, {"id": "56", "ano": "2025", "numero": "31", "tipo__sigla": "REQ", "tipo__descricao": "Requerimento", "autoria": "PROFESSOR GERL\u00daCIO", "texto_original": "http://sapl.saomamede.pb.leg.br/media/", "ementa": "Solicitando notifica\u00e7\u00e3o \u00e0 empresa respons\u00e1vel pelo programa \"Internet para Todos\" devido a falhas nos pontos de acesso p\u00fablico."}, {"id": "57", "ano": "2025", "numero": "32", "tipo__sigla": "REQ", "tipo__descricao": "Requerimento", "autoria": "RONIVON GAMBARRA", "texto_original": "http://sapl.saomamede.pb.leg.br/media/", "ementa": "Solicita reparo e instala\u00e7\u00e3o de ventiladores na cozinha comunit\u00e1ria do munic\u00edpio de S\u00e3o Mamede - PB."}, {"id": "58", "ano": "2025", "numero": "33", "tipo__sigla": "REQ", "tipo__descricao": "Requerimento", "autoria": "RONIVON GAMBARRA", "texto_original": "http://sapl.saomamede.pb.leg.br/media/", "ementa": "Solicita nivelamento a n\u00edvel de cal\u00e7ada, dos canteiros existentes na lateral do mercado municipal, onde se encontram bares e restaurantes"}, {"id": "64", "ano": "2025", "numero": "34", "tipo__sigla": "REQ", "tipo__descricao": "Requerimento", "autoria": "MAZZAROPE", "texto_original": "http://sapl.saomamede.pb.leg.br/media/", "ementa": "Indica ao Prefeito Constitucional de S\u00e3o Mamede - PB o estabelecimento de uma Parceria P\u00fablico-Privada entre o munic\u00edpio de S\u00e3o Mamede e a ONG \u201cAdota Patos\u201d."}, {"id": "65", "ano": "2025", "numero": "35", "tipo__sigla": "REQ", "tipo__descricao": "Requerimento", "autoria": "MAZZAROPE", "texto_original": "http://sapl.saomamede.pb.leg.br/media/", "ementa": "Solicita ao Presidente da C\u00e2mara Municipal de S\u00e3o Mamede - PB, a realiza\u00e7\u00e3o de uma audi\u00eancia p\u00fablica com o Vereador Rafael da C\u00edvel e a ONG\r\n\u201cAdota Patos\u201d, para esclarecer demandas referentes \u00e0 causa animal dos cachorros de rua."}, {"id": "66", "ano": "2025", "numero": "36", "tipo__sigla": "REQ", "tipo__descricao": "Requerimento", "autoria": "MAZZAROPE", "texto_original": "http://sapl.saomamede.pb.leg.br/media/", "ementa": "Solicita ao Prefeito Constitucional de S\u00e3o Mamede - PB a limpeza das quadras e pra\u00e7as das comunidades Angola e Serra Branca, ao mesmo tempo\r\nem que solicita zeladores para as duas pra\u00e7as."}, {"id": "67", "ano": "2025", "numero": "37", "tipo__sigla": "REQ", "tipo__descricao": "Requerimento", "autoria": "NEOCL\u00c9CIO BATISTA", "texto_original": "http://sapl.saomamede.pb.leg.br/media/", "ementa": "Solicita a recupera\u00e7\u00e3o do cal\u00e7amento da Rua Ministro Jo\u00e3o Agripino, pr\u00f3ximo ao CIADAC."}, {"id": "68", "ano": "2025", "numero": "38", "tipo__sigla": "REQ", "tipo__descricao": "Requerimento", "autoria": "VEVE DE IRAN", "texto_original": "http://sapl.saomamede.pb.leg.br/media/", "ementa": "Solicita ao Secret\u00e1rio de Infraestrutura Claudino Rog\u00e9rio, reparos na ilumina\u00e7\u00e3o p\u00fablica do Conjunto Jardim S\u00e3o Mamede."}, {"id": "69", "ano": "2025", "numero": "39", "tipo__sigla": "REQ", "tipo__descricao": "Requerimento", "autoria": "VEVE DE IRAN", "texto_original": "http://sapl.saomamede.pb.leg.br/media/", "ementa": "Solicita ao Secret\u00e1rio de Infraestrutura Claudino Rog\u00e9rio, a substitui\u00e7\u00e3o das l\u00e2mpadas da Rua Ant\u00f4nio Galdino Medeiros, por lumin\u00e1rias do\r\ntipo \u201cP\u00e9talas de Rosa\u201d, na pot\u00eancia de 100w."}, {"id": "70", "ano": "2025", "numero": "40", "tipo__sigla": "REQ", "tipo__descricao": "Requerimento", "autoria": "VEVE DE IRAN", "texto_original": "http://sapl.saomamede.pb.leg.br/media/", "ementa": "Solicita ao Secret\u00e1rio de Agricultura Osmar J\u00fanior, a realiza\u00e7\u00e3o de reparo no mata-burro do papagaio, nas proximidades da propriedade do Sr.\r\nEdival (Babadinho), tendo em vista que est\u00e1 dificultando o acesso e a mobilidade local."}, {"id": "71", "ano": "2025", "numero": "41", "tipo__sigla": "REQ", "tipo__descricao": "Requerimento", "autoria": "VEVE DE IRAN", "texto_original": "http://sapl.saomamede.pb.leg.br/media/", "ementa": "Solicita ao Senhor Madiel Conserva, Gerente do DER/PB de Patos - PB, a poda do ro\u00e7o na PB-251, que liga S\u00e3o Mamede - PB \u00e0 Ipueira - RN"}, {"id": "72", "ano": "2025", "numero": "42", "tipo__sigla": "REQ", "tipo__descricao": "Requerimento", "autoria": "LU\u00cdZA S\u00c1TYRO", "texto_original": "http://sapl.saomamede.pb.leg.br/media/", "ementa": "Solicita \u00e0s Secretarias de Infraestrutura e Meio Ambiente, a instala\u00e7\u00e3o de canteiros com mudas de plantas ao redor da Unidades B\u00e1sicas de Sa\u00fade (UBS), e que seja realizado um trabalho de arboriza\u00e7\u00e3o nas ruas."}, {"id": "73", "ano": "2025", "numero": "43", "tipo__sigla": "REQ", "tipo__descricao": "Requerimento", "autoria": "LU\u00cdZA S\u00c1TYRO", "texto_original": "http://sapl.saomamede.pb.leg.br/media/", "ementa": "Solicita ao Prefeito Constitucional de S\u00e3o Mamede - PB, a climatiza\u00e7\u00e3o das recep\u00e7\u00f5es da Unidades B\u00e1sicas de Sa\u00fade (UBS)."}, {"id": "77", "ano": "2025", "numero": "44", "tipo__sigla": "REQ", "tipo__descricao": "Requerimento", "autoria": "NEOCL\u00c9CIO BATISTA", "texto_original": "http://sapl.saomamede.pb.leg.br/media/", "ementa": "Solicita a substitui\u00e7\u00e3o das l\u00e2mpadas da Rua Jan\u00fancio N\u00f3brega, por lumin\u00e1rias do tipo \u201cP\u00e9talas de Led\u201d (100W)."}, {"id": "82", "ano": "2025", "numero": "45", "tipo__sigla": "REQ", "tipo__descricao": "Requerimento", "autoria": "EVA LUCENA", "texto_original": "http://sapl.saomamede.pb.leg.br/media/", "ementa": "Solicita a disponibiliza\u00e7\u00e3o do soro antiof\u00eddico no Hospital Sinh\u00e1 Carneiro de Santa Luzia-PB, trazendo agilidade ao atendimento e diminuindo os riscos de efeitos graves ou morte por envenenamento, visto que o mesmo atende tamb\u00e9m outras cidades do Vale do Sabugi."}, {"id": "101", "ano": "2025", "numero": "46", "tipo__sigla": "REQ", "tipo__descricao": "Requerimento", "autoria": "NEGUINHO DO PEIXE", "texto_original": "http://sapl.saomamede.pb.leg.br/media/", "ementa": "Solicita a perfura\u00e7\u00e3o de po\u00e7os artesianos na zona rural do munic\u00edpio de S\u00e3o Mamede \u2013 PB."}, {"id": "102", "ano": "2025", "numero": "47", "tipo__sigla": "REQ", "tipo__descricao": "Requerimento", "autoria": "VEVE DE IRAN", "texto_original": "http://sapl.saomamede.pb.leg.br/media/", "ementa": "Solicita a manuten\u00e7\u00e3o das usinas solares do munic\u00edpio."}, {"id": "106", "ano": "2025", "numero": "48", "tipo__sigla": "REQ", "tipo__descricao": "Requerimento", "autoria": "MAZZAROPE", "texto_original": "http://sapl.saomamede.pb.leg.br/media/", "ementa": "Solicita a disponibiliza\u00e7\u00e3o de tr\u00eas bolas de futebol de campo destinadas \u00e0s comunidades rurais do munic\u00edpio de S\u00e3o Mamede \u2013 PB."}, {"id": "107", "ano": "2025", "numero": "49", "tipo__sigla": "REQ", "tipo__descricao": "Requerimento", "autoria": "MAZZAROPE", "texto_original": "http://sapl.saomamede.pb.leg.br/media/", "ementa": "Solicita, em car\u00e1ter de urg\u00eancia, a constru\u00e7\u00e3o de lombadas na Avenida Francisco de Assis Medeiros, que d\u00e1 acesso \u00e0 PB-251."}, {"id": "108", "ano": "2025", "numero": "50", "tipo__sigla": "REQ", "tipo__descricao": "Requerimento", "autoria": "NEGUINHO DO PEIXE", "texto_original": "http://sapl.saomamede.pb.leg.br/media/", "ementa": "Solicita a constru\u00e7\u00e3o de uma lombada na Rua Vereador Expedito Pequeno de Oliveira, pr\u00f3ximo \u00e0 esquina do cemit\u00e9rio, pelo menos 15 metros antes do in\u00edcio do asfalto."}, {"id": "109", "ano": "2025", "numero": "51", "tipo__sigla": "REQ", "tipo__descricao": "Requerimento", "autoria": "LU\u00cdZA S\u00c1TYRO", "texto_original": "http://sapl.saomamede.pb.leg.br/media/", "ementa": "Solicita capacita\u00e7\u00e3o em no\u00e7\u00f5es b\u00e1sicas de primeiros socorros, na forma descrita."}, {"id": "110", "ano": "2025", "numero": "52", "tipo__sigla": "REQ", "tipo__descricao": "Requerimento", "autoria": "J\u00daNIOR DE TOQUINHO", "texto_original": "http://sapl.saomamede.pb.leg.br/media/", "ementa": "Solicita a instala\u00e7\u00e3o de tapetes antiderrapantes, corrim\u00f5es e luzes de emerg\u00eancia nas acomoda\u00e7\u00f5es da ILPI \"Jo\u00e3o Izidoro de Andrade\", em S\u00e3o Mamede - \r\nPB."}, {"id": "111", "ano": "2025", "numero": "53", "tipo__sigla": "REQ", "tipo__descricao": "Requerimento", "autoria": "J\u00daNIOR DE TOQUINHO", "texto_original": "http://sapl.saomamede.pb.leg.br/media/", "ementa": "Disp\u00f5e sobre a indica\u00e7\u00e3o ao Poder Executivo Municipal de S\u00e3o Mamede - PB, para que seja providenciada a instala\u00e7\u00e3o de c\u00e2meras de seguran\u00e7a no interior dos \u00f4nibus escolares do Munic\u00edpio."}, {"id": "121", "ano": "2025", "numero": "54", "tipo__sigla": "REQ", "tipo__descricao": "Requerimento", "autoria": "VEVE DE IRAN", "texto_original": "http://sapl.saomamede.pb.leg.br/media/", "ementa": "Disp\u00f5e sobre a solicita\u00e7\u00e3o de instala\u00e7\u00e3o de pontos de ilumina\u00e7\u00e3o p\u00fablica em vias do munic\u00edpio."}, {"id": "122", "ano": "2025", "numero": "55", "tipo__sigla": "REQ", "tipo__descricao": "Requerimento", "autoria": "VEVE DE IRAN", "texto_original": "http://sapl.saomamede.pb.leg.br/media/", "ementa": "Disp\u00f5e sobre a solicita\u00e7\u00e3o de realiza\u00e7\u00e3o do mutir\u00e3o \u201cInfra em A\u00e7\u00e3o\u201d nas proximidades da Capela de S\u00e3o Sebasti\u00e3o."}, {"id": "123", "ano": "2025", "numero": "56", "tipo__sigla": "REQ", "tipo__descricao": "Requerimento", "autoria": "VEVE DE IRAN", "texto_original": "http://sapl.saomamede.pb.leg.br/media/", "ementa": "Disp\u00f5e sobre a solicita\u00e7\u00e3o de instala\u00e7\u00e3o de redutor de velocidade na Rua Frei Martinho, ao lado da Igreja Matriz."}, {"id": "124", "ano": "2025", "numero": "57", "tipo__sigla": "REQ", "tipo__descricao": "Requerimento", "autoria": "VEVE DE IRAN", "texto_original": "http://sapl.saomamede.pb.leg.br/media/", "ementa": "Solicita a substitui\u00e7\u00e3o ou adapta\u00e7\u00e3o dos redutores de velocidade do tipo \u201ctartaruga\u201d por lombadas acess\u00edveis para cadeirantes, no munic\u00edpio de S\u00e3o Mamede \u2013 PB."}, {"id": "125", "ano": "2025", "numero": "58", "tipo__sigla": "REQ", "tipo__descricao": "Requerimento", "autoria": "LU\u00cdZA S\u00c1TYRO", "texto_original": "http://sapl.saomamede.pb.leg.br/media/", "ementa": "Solicita \u00e0 Prefeitura Municipal de S\u00e3o Mamede \u2013 PB, em parceria com a Secretaria de Meio Ambiente, a realiza\u00e7\u00e3o de um trabalho de arboriza\u00e7\u00e3o nos arredores das UBS\u2019s I e IV do munic\u00edpio."}, {"id": "126", "ano": "2025", "numero": "59", "tipo__sigla": "REQ", "tipo__descricao": "Requerimento", "autoria": "LU\u00cdZA S\u00c1TYRO", "texto_original": "http://sapl.saomamede.pb.leg.br/media/", "ementa": "Solicita \u00e0 Prefeitura Municipal de S\u00e3o Mamede \u2013 PB a constru\u00e7\u00e3o de uma cobertura no quintal da ILPI Jo\u00e3o Izidoro de Andrade, visando proporcionar mais conforto e bem-estar aos idosos residentes."}, {"id": "127", "ano": "2025", "numero": "60", "tipo__sigla": "REQ", "tipo__descricao": "Requerimento", "autoria": "LU\u00cdZA S\u00c1TYRO", "texto_original": "http://sapl.saomamede.pb.leg.br/media/", "ementa": "Solicita \u00e0 Secretaria de Sa\u00fade de S\u00e3o Mamede - PB a realiza\u00e7\u00e3o de um dia dedicado \u00e0s ultrassonografias mam\u00e1rias dentro da programa\u00e7\u00e3o do Outubro Rosa."}, {"id": "128", "ano": "2025", "numero": "61", "tipo__sigla": "REQ", "tipo__descricao": "Requerimento", "autoria": "J\u00daNIOR DE TOQUINHO", "texto_original": "http://sapl.saomamede.pb.leg.br/media/", "ementa": "Solicita \u00e0 Prefeitura Municipal de S\u00e3o Mamede a cess\u00e3o em comodato do antigo pr\u00e9dio do posto de sa\u00fade da comunidade Serra Branca, para funcionamento da \u201cCasa do Mel\u201d, ponto de apoio aos meliponicultores da AGROASA."}, {"id": "129", "ano": "2025", "numero": "62", "tipo__sigla": "REQ", "tipo__descricao": "Requerimento", "autoria": "MAZZAROPE", "texto_original": "http://sapl.saomamede.pb.leg.br/media/", "ementa": "Solicita ao Prefeito Constitucional de S\u00e3o Mamede a constru\u00e7\u00e3o de uma escadaria ligando a Rua Misael de Oliveira Neto \u00e0 Rua Ministro Jo\u00e3o Agripino, nas imedia\u00e7\u00f5es da Escola Marina de Souto Gouveia, visando garantir a seguran\u00e7a e acessibilidade dos alunos e pedestres."}, {"id": "130", "ano": "2025", "numero": "63", "tipo__sigla": "REQ", "tipo__descricao": "Requerimento", "autoria": "V\u00c9I DA MUDA", "texto_original": "http://sapl.saomamede.pb.leg.br/media/", "ementa": "Solicita ao Prefeito Constitucional de S\u00e3o Mamede a constru\u00e7\u00e3o da \u201cSala dos Milagres\u201d, aos p\u00e9s do monumento dedicado a S\u00e3o Mamede, na entrada da cidade, destinada a receber oferendas e express\u00f5es de f\u00e9 dos devotos em agradecimento pelas gra\u00e7as alcan\u00e7adas."}, {"id": "135", "ano": "2025", "numero": "64", "tipo__sigla": "REQ", "tipo__descricao": "Requerimento", "autoria": "J\u00daNIOR DE TOQUINHO", "texto_original": "http://sapl.saomamede.pb.leg.br/media/", "ementa": "Solicita \u00e0 Prefeitura Municipal de S\u00e3o Mamede a instala\u00e7\u00e3o de tendas na parte externa do Cemit\u00e9rio Municipal Senhor do Bonfim, para o Dia de Finados."}, {"id": "142", "ano": "2025", "numero": "65", "tipo__sigla": "REQ", "tipo__descricao": "Requerimento", "autoria": "RONIVON GAMBARRA", "texto_original": "http://sapl.saomamede.pb.leg.br/media/", "ementa": "Solicita a instala\u00e7\u00e3o de um po\u00e7o artesiano na Rua Santos Dumont, nesta cidade."}, {"id": "143", "ano": "2025", "numero": "66", "tipo__sigla": "REQ", "tipo__descricao": "Requerimento", "autoria": "VEVE DE IRAN", "texto_original": "http://sapl.saomamede.pb.leg.br/media/", "ementa": "Solicita a contrata\u00e7\u00e3o de engenheiro eletricista para realiza\u00e7\u00e3o de levantamento el\u00e9trico na \u201cCreche Modelo\u201d."}, {"id": "144", "ano": "2025", "numero": "67", "tipo__sigla": "REQ", "tipo__descricao": "Requerimento", "autoria": "VEVE DE IRAN", "texto_original": "http://sapl.saomamede.pb.leg.br/media/", "ementa": "Solicita a instala\u00e7\u00e3o de um gerador de energia para a Casa de Sa\u00fade e Maternidade Nossa Senhora da Concei\u00e7\u00e3o (APAMI)."}, {"id": "145", "ano": "2025", "numero": "68", "tipo__sigla": "REQ", "tipo__descricao": "Requerimento", "autoria": "V\u00c9I DA MUDA", "texto_original": "http://sapl.saomamede.pb.leg.br/media/", "ementa": "Solicita reparo e manuten\u00e7\u00e3o, especialmente na parte el\u00e9trica, de todas as pra\u00e7as do munic\u00edpio de S\u00e3o Mamede \u2013 PB."}, {"id": "146", "ano": "2025", "numero": "69", "tipo__sigla": "REQ", "tipo__descricao": "Requerimento", "autoria": "MAZZAROPE", "texto_original": "http://sapl.saomamede.pb.leg.br/media/", "ementa": "Solicita ao Prefeito Constitucional de S\u00e3o Mamede - PB, a disponibiliza\u00e7\u00e3o de uma via p\u00fablica espec\u00edfica, devidamente regulamentada, destinada \r\n\u00e0 pr\u00e1tica e aos treinamentos de Wheeling, popularmente conhecido como \u201cGrau\u201d, em conformidade com o disposto na Lei Municipal n\u00ba 1.212/2025, bem como sua interdi\u00e7\u00e3o semanal, todos os s\u00e1bados, das 17h \u00e0s 20h, com a devida identifica\u00e7\u00e3o e sinaliza\u00e7\u00e3o por meio de placas."}, {"id": "154", "ano": "2025", "numero": "70", "tipo__sigla": "REQ", "tipo__descricao": "Requerimento", "autoria": "V\u00c9I DA MUDA", "texto_original": "http://sapl.saomamede.pb.leg.br/media/", "ementa": "Solicita a perfura\u00e7\u00e3o e instala\u00e7\u00e3o de po\u00e7os comunit\u00e1rios no Conjunto Alonso Alves; Conjunto Jardim S\u00e3o Mamede; Bairro Jardim Planalto; Bairro Berra Bode e Loteamento Mizael de Oliveira."}, {"id": "155", "ano": "2025", "numero": "71", "tipo__sigla": "REQ", "tipo__descricao": "Requerimento", "autoria": "J\u00daNIOR DE TOQUINHO, NEOCL\u00c9CIO BATISTA, RONIVON GAMBARRA", "texto_original": "http://sapl.saomamede.pb.leg.br/media/", "ementa": "Solicita a desobstru\u00e7\u00e3o da Rua En\u00e9as Trindade aos finais de semana, tendo em vista que a mesma vem sendo ocupada por parques de divers\u00e3o, o que tem inviabilizado o tr\u00e2nsito local e causado transtornos \u00e0 popula\u00e7\u00e3o."}, {"id": "168", "ano": "2025", "numero": "72", "tipo__sigla": "REQ", "tipo__descricao": "Requerimento", "autoria": "PROFESSOR GERL\u00daCIO", "texto_original": "http://sapl.saomamede.pb.leg.br/media/", "ementa": "Solicita a instala\u00e7\u00e3o de quebra-molas (lombadas adaptadas) em vias p\u00fablicas do Munic\u00edpio."}, {"id": "169", "ano": "2025", "numero": "73", "tipo__sigla": "REQ", "tipo__descricao": "Requerimento", "autoria": "MAZZAROPE", "texto_original": "http://sapl.saomamede.pb.leg.br/media/", "ementa": "Solicita servi\u00e7os de manuten\u00e7\u00e3o preventiva em todas as pra\u00e7as esportivas do Munic\u00edpio de S\u00e3o Mamede \u2013 PB"}, {"id": "170", "ano": "2025", "numero": "74", "tipo__sigla": "REQ", "tipo__descricao": "Requerimento", "autoria": "MAZZAROPE", "texto_original": "http://sapl.saomamede.pb.leg.br/media/", "ementa": "Solicita a realiza\u00e7\u00e3o de ciranda de servi\u00e7os no Conjunto Alonso Alves."}, {"id": "171", "ano": "2025", "numero": "75", "tipo__sigla": "REQ", "tipo__descricao": "Requerimento", "autoria": "MAZZAROPE, EVA LUCENA", "texto_original": "http://sapl.saomamede.pb.leg.br/media/", "ementa": "Solicita a realiza\u00e7\u00e3o de reparos no Portal de Entrada da cidade de S\u00e3o Mamede (via RN / PB-251)"}, {"id": "1", "ano": "2025", "numero": "1", "tipo__sigla": "PLOEX", "tipo__descricao": "Projeto de Lei Ordin\u00e1rio do Executivo", "autoria": "Francisco das Chagas Lopes de Souza Filho", "texto_original": "http://sapl.saomamede.pb.leg.br/media/sapl/public/materialegislativa/2025/1/projeto_de_lei_do_executivo_no_01_2025.pdf", "ementa": "AUTORIZA REMANEJAMENTO TOTAL OU PARCIAL DE DOTA\u00c7\u00d5ES OR\u00c7AMENT\u00c1RIAS PARA O EXERC\u00cdCIO DE 2025 E D\u00c1 OUTRAS PROVID\u00caNCIAS."}, {"id": "9", "ano": "2025", "numero": "2", "tipo__sigla": "PLOEX", "tipo__descricao": "Projeto de Lei Ordin\u00e1rio do Executivo", "autoria": "Francisco das Chagas Lopes de Souza Filho", "texto_original": "http://sapl.saomamede.pb.leg.br/media/sapl/public/materialegislativa/2025/9/projeto_de_lei_do_executivo_n.o_02_2025.pdf", "ementa": "Disp\u00f5e sobre a atualiza\u00e7\u00e3o de vencimentos e gratifica\u00e7\u00f5es dos funcion\u00e1rios ocupantes de cargo de provimento efetivo e de provimento em comiss\u00e3o do Munic\u00edpio de S\u00e3o Mamede - PB para o Exerc\u00edcio Financeiro/2025, e d\u00e1 outras provid\u00eancias correlatas."}, {"id": "21", "ano": "2025", "numero": "3", "tipo__sigla": "PLOEX", "tipo__descricao": "Projeto de Lei Ordin\u00e1rio do Executivo", "autoria": "Francisco das Chagas Lopes de Souza Filho", "texto_original": "http://sapl.saomamede.pb.leg.br/media/", "ementa": "Institui o Programa \u201cEducador Social Volunt\u00e1rio\u201d, no munic\u00edpio de S\u00e3o Mamede  -PB, e d\u00e1 provid\u00eancias."}, {"id": "23", "ano": "2025", "numero": "4", "tipo__sigla": "PLOEX", "tipo__descricao": "Projeto de Lei Ordin\u00e1rio do Executivo", "autoria": "Francisco das Chagas Lopes de Souza Filho", "texto_original": "http://sapl.saomamede.pb.leg.br/media/", "ementa": "Institui o Programa de Recupera\u00e7\u00e3o Fiscal (REFIS - MUNICIPAL/S\u00c3O MAMEDE-PB), modificando os prazos para o parcelamento de cr\u00e9ditos tribut\u00e1rios, concede anistia de juros, multas e corre\u00e7\u00e3o monet\u00e1ria, e d\u00e1 outras provid\u00eancias."}, {"id": "24", "ano": "2025", "numero": "5", "tipo__sigla": "PLOEX", "tipo__descricao": "Projeto de Lei Ordin\u00e1rio do Executivo", "autoria": "Francisco das Chagas Lopes de Souza Filho", "texto_original": "http://sapl.saomamede.pb.leg.br/media/", "ementa": "Abre cr\u00e9dito especial ao or\u00e7amento do corrente exerc\u00edcio de 2025, destinado ao Programa Educador Social Volunt\u00e1rio, para fins que menciona, e d\u00e1 outras provid\u00eancias."}, {"id": "39", "ano": "2025", "numero": "6", "tipo__sigla": "PLOEX", "tipo__descricao": "Projeto de Lei Ordin\u00e1rio do Executivo", "autoria": "Francisco das Chagas Lopes de Souza Filho", "texto_original": "http://sapl.saomamede.pb.leg.br/media/", "ementa": "Abre cr\u00e9dito especial ao Or\u00e7amento do correte Exerc\u00edcio 2025, destinado a Subven\u00e7\u00e3o para APAMI - Reforma da Unidade de Aten\u00e7\u00e3o Especializada em Sa\u00fade - Hospital Associa\u00e7\u00e3o de Prote\u00e7\u00e3o \u00e0 Maternidade e Inf\u00e2ncia de S\u00e3o Mamede - APAMI, para fins que menciona e d\u00e1 outras provid\u00eancias."}, {"id": "74", "ano": "2025", "numero": "7", "tipo__sigla": "PLOEX", "tipo__descricao": "Projeto de Lei Ordin\u00e1rio do Executivo", "autoria": "Francisco das Chagas Lopes de Souza Filho", "texto_original": "http://sapl.saomamede.pb.leg.br/media/", "ementa": "Disp\u00f5e sobre a cria\u00e7\u00e3o de Institui\u00e7\u00e3o de Longa Perman\u00eancia para Idosos - ILPI no munic\u00edpio de S\u00e3o Mamede - PB, denominada por \u201cCasa de Acolhimento para idosos Jo\u00e3o Izidoro de Andrade\u201d, e d\u00e1 outras provid\u00eancias."}, {"id": "89", "ano": "2025", "numero": "8", "tipo__sigla": "PLOEX", "tipo__descricao": "Projeto de Lei Ordin\u00e1rio do Executivo", "autoria": "Francisco das Chagas Lopes de Souza Filho", "texto_original": "http://sapl.saomamede.pb.leg.br/media/", "ementa": "Disp\u00f5e sobre as diretrizes para a elabora\u00e7\u00e3o da Lei Or\u00e7ament\u00e1ria para o Exerc\u00edcio de 2026, e d\u00e1 outras provid\u00eancias."}, {"id": "87", "ano": "2025", "numero": "9", "tipo__sigla": "PLOEX", "tipo__descricao": "Projeto de Lei Ordin\u00e1rio do Executivo", "autoria": "Francisco das Chagas Lopes de Souza Filho", "texto_original": "http://sapl.saomamede.pb.leg.br/media/", "ementa": "Abre cr\u00e9dito especial ao Or\u00e7amento do corrente Exerc\u00edcio 2025, destinado a Manuten\u00e7\u00e3o das A\u00e7\u00f5es e Servi\u00e7os P\u00fablicos de Sa\u00fade da MAC- Aten\u00e7\u00e3o de M\u00e9dia e Alta Complexidade Ambulatorial e Hospitalar, Vigil\u00e2ncia em Sa\u00fade e Farm\u00e1cia B\u00e1sica, para fins que menciona, e d\u00e1 outras provid\u00eancias."}, {"id": "88", "ano": "2025", "numero": "10", "tipo__sigla": "PLOEX", "tipo__descricao": "Projeto de Lei Ordin\u00e1rio do Executivo", "autoria": "Francisco das Chagas Lopes de Souza Filho", "texto_original": "http://sapl.saomamede.pb.leg.br/media/", "ementa": "Disp\u00f5e sobre a regulamenta\u00e7\u00e3o do Processo de Sele\u00e7\u00e3o para Gestores (as) Escolares das Escolas Municipais da Rede P\u00fablica de Ensino de S\u00e3o Mamede - PB."}, {"id": "136", "ano": "2025", "numero": "11", "tipo__sigla": "PLOEX", "tipo__descricao": "Projeto de Lei Ordin\u00e1rio do Executivo", "autoria": "Francisco das Chagas Lopes de Souza Filho", "texto_original": "http://sapl.saomamede.pb.leg.br/media/", "ementa": "Institui o Plano Plurianual do munic\u00edpio de S\u00e3o Mamede - PB, para o per\u00edodo de 2026-2029."}, {"id": "133", "ano": "2025", "numero": "12", "tipo__sigla": "PLOEX", "tipo__descricao": "Projeto de Lei Ordin\u00e1rio do Executivo", "autoria": "Francisco das Chagas Lopes de Souza Filho", "texto_original": "http://sapl.saomamede.pb.leg.br/media/", "ementa": "Autoriza a desafeta\u00e7\u00e3o de \u00e1reas institucionais de propriedade do Munic\u00edpio de S\u00e3o Mamede/PB, e d\u00e1 outras provid\u00eancias."}, {"id": "137", "ano": "2025", "numero": "13", "tipo__sigla": "PLOEX", "tipo__descricao": "Projeto de Lei Ordin\u00e1rio do Executivo", "autoria": "Francisco das Chagas Lopes de Souza Filho", "texto_original": "http://sapl.saomamede.pb.leg.br/media/", "ementa": "Disp\u00f5e sobre as modifica\u00e7\u00f5es da Lei de Diretrizes Or\u00e7ament\u00e1rias do Munic\u00edpio de S\u00e3o Mamede - PB, para o exerc\u00edcio de 2026, e d\u00e1 outras provid\u00eancias."}, {"id": "156", "ano": "2025", "numero": "14", "tipo__sigla": "PLOEX", "tipo__descricao": "Projeto de Lei Ordin\u00e1rio do Executivo", "autoria": "Francisco das Chagas Lopes de Souza Filho", "texto_original": "http://sapl.saomamede.pb.leg.br/media/", "ementa": "Disp\u00f5e sobre a cria\u00e7\u00e3o do Conselho de Defesa do Meio Ambiente do Munic\u00edpio (COMDEMA); cria\u00e7\u00e3o do Fundo Municipal do Meio Ambiente; Fiscaliza\u00e7\u00e3o ambiental no \u00e2mbito da Secretaria Municipal de Meio Ambiente de S\u00e3o Mamede - PB, e d\u00e1 outras provid\u00eancias."}, {"id": "138", "ano": "2025", "numero": "15", "tipo__sigla": "PLOEX", "tipo__descricao": "Projeto de Lei Ordin\u00e1rio do Executivo", "autoria": "Francisco das Chagas Lopes de Souza Filho", "texto_original": "http://sapl.saomamede.pb.leg.br/media/", "ementa": "Estima a receita e fixa a despesa do munic\u00edpio de S\u00e3o Mamede, para o exerc\u00edcio financeiro de 2026, e d\u00e1 outras provid\u00eancias."}, {"id": "148", "ano": "2025", "numero": "16", "tipo__sigla": "PLOEX", "tipo__descricao": "Projeto de Lei Ordin\u00e1rio do Executivo", "autoria": "Francisco das Chagas Lopes de Souza Filho", "texto_original": "http://sapl.saomamede.pb.leg.br/media/", "ementa": "Abre cr\u00e9dito especial ao or\u00e7amento do corrente exerc\u00edcio de 2025, destinado ao INCREMENTO MAC - (EMENDA COMISS\u00c3O), para fins que menciona e d\u00e1 outras provid\u00eancias."}, {"id": "149", "ano": "2025", "numero": "17", "tipo__sigla": "PLOEX", "tipo__descricao": "Projeto de Lei Ordin\u00e1rio do Executivo", "autoria": "Francisco das Chagas Lopes de Souza Filho", "texto_original": "http://sapl.saomamede.pb.leg.br/media/", "ementa": "Abre cr\u00e9dito especial ao or\u00e7amento do corrente exerc\u00edcio de 2025, destinado ao INCREMENTO PAP - (EMENDA COMISS\u00c3O), para fins que menciona e d\u00e1 outras provid\u00eancias."}, {"id": "150", "ano": "2025", "numero": "18", "tipo__sigla": "PLOEX", "tipo__descricao": "Projeto de Lei Ordin\u00e1rio do Executivo", "autoria": "Francisco das Chagas Lopes de Souza Filho", "texto_original": "http://sapl.saomamede.pb.leg.br/media/", "ementa": "Abre cr\u00e9dito especial ao or\u00e7amento do corrente exerc\u00edcio de 2025, destinado ao INCREMENTO PAP - (EMENDA COMISS\u00c3O), para fins que menciona e d\u00e1 outras provid\u00eancias."}, {"id": "158", "ano": "2025", "numero": "19", "tipo__sigla": "PLOEX", "tipo__descricao": "Projeto de Lei Ordin\u00e1rio do Executivo", "autoria": "Francisco das Chagas Lopes de Souza Filho", "texto_original": "http://sapl.saomamede.pb.leg.br/media/", "ementa": "Altera os dispositivos da Lei Municipal n.\u00ba 1.181 de 11 de dezembro de 2024, que institui Incentivo Financeiro Vari\u00e1vel por desempenho no \u00e2mbito da Aten\u00e7\u00e3o Prim\u00e1ria \u00e0 Sa\u00fade, para adequ\u00e1-la \u00e0s disposi\u00e7\u00f5es da portaria GM/MS n.\u00ba 3.493/2024 e suas altera\u00e7\u00f5es, e d\u00e1 outras provid\u00eancias."}, {"id": "22", "ano": "2025", "numero": "1", "tipo__sigla": "EMD", "tipo__descricao": "Emenda", "autoria": "Francisco das Chagas Lopes de Souza Filho", "texto_original": "http://sapl.saomamede.pb.leg.br/media/sapl/public/materialegislativa/2025/22/no_03-2025__emenda_ao_projeto_de_lei_do_executivo.pdf", "ementa": "INSTITUI O PROGRAMA EDUCADOR SOCIAL VOLUNT\u00c1RIO NO MUNIC\u00cdPIO DE S\u00c3O MAMEDE-PB, E D\u00c1 OUTRAS PROVID\u00caNCIAS."}, {"id": "83", "ano": "2025", "numero": "1", "tipo__sigla": "VET", "tipo__descricao": "Veto", "autoria": "COLJ - COMISS\u00c3O DE ORGANIZA\u00c7\u00c3O LEGISLA\u00c7\u00c3O E JUSTI\u00c7A", "texto_original": "http://sapl.saomamede.pb.leg.br/media/sapl/public/materialegislativa/2025/83/parecer_sobre_veto_do_projeto_de_lei_legislativo_-_07.2025.pdf", "ementa": "Veto Total ao Projeto de Lei do Legislativo n\u00ba 07/2025."}, {"id": "84", "ano": "2025", "numero": "2", "tipo__sigla": "VET", "tipo__descricao": "Veto", "autoria": "COLJ - COMISS\u00c3O DE ORGANIZA\u00c7\u00c3O LEGISLA\u00c7\u00c3O E JUSTI\u00c7A", "texto_original": "http://sapl.saomamede.pb.leg.br/media/sapl/public/materialegislativa/2025/84/parecer_sobre_veto_do_projeto_de_lei_legislativo_-_09.2025.pdf", "ementa": "Veto Total ao Projeto de Lei do Legislativo n\u00ba 09/2025."}, {"id": "85", "ano": "2025", "numero": "3", "tipo__sigla": "VET", "tipo__descricao": "Veto", "autoria": "COLJ - COMISS\u00c3O DE ORGANIZA\u00c7\u00c3O LEGISLA\u00c7\u00c3O E JUSTI\u00c7A", "texto_original": "http://sapl.saomamede.pb.leg.br/media/sapl/public/materialegislativa/2025/85/parecer_sobre_veto_do_projeto_de_lei_legislativo_-_11.2025.pdf", "ementa": "Veto Total ao Projeto de Lei do Legislativo n\u00ba 11/2025."}, {"id": "86", "ano": "2025", "numero": "4", "tipo__sigla": "VET", "tipo__descricao": "Veto", "autoria": "COLJ - COMISS\u00c3O DE ORGANIZA\u00c7\u00c3O LEGISLA\u00c7\u00c3O E JUSTI\u00c7A", "texto_original": "http://sapl.saomamede.pb.leg.br/media/sapl/public/materialegislativa/2025/86/parecer_sobre_veto_do_projeto_de_lei_legislativo_-_12.2025.pdf", "ementa": "Veto total ao Projeto de Lei do Legislativo n.\u00ba 12/2025."}, {"id": "27", "ano": "2025", "numero": "1", "tipo__sigla": "DEC", "tipo__descricao": "Decreto Legislativo", "autoria": "VEVE DE IRAN", "texto_original": "http://sapl.saomamede.pb.leg.br/media/", "ementa": "Concede o t\u00edtulo de cidad\u00e3 s\u00e3omamedense \u00e0 Srta. Amanda Vanderleia da Silva."}, {"id": "28", "ano": "2025", "numero": "2", "tipo__sigla": "DEC", "tipo__descricao": "Decreto Legislativo", "autoria": "NEOCL\u00c9CIO BATISTA", "texto_original": "http://sapl.saomamede.pb.leg.br/media/", "ementa": "Concede o T\u00edtulo de Cidad\u00e3o s\u00e3omamedense ao jovem Daniel dos Santos Silva."}, {"id": "104", "ano": "2025", "numero": "3", "tipo__sigla": "MOP", "tipo__descricao": "Mo\u00e7\u00e3o de Pesar", "autoria": "RONIVON GAMBARRA", "texto_original": "http://sapl.saomamede.pb.leg.br/media/", "ementa": "Mo\u00e7\u00e3o de Pesar, direcionada aos familiares do Senhor Martinho Cavalcante Lucena."}]}