{"id":93,"__str__":"Projeto de Lei Ordin\u00e1ria do Legislativo n\u00ba 15 de 2025","link_detail_backend":"/materia/93","metadata":{},"numero":15,"ano":2025,"numero_protocolo":null,"data_apresentacao":"2025-08-25","tipo_apresentacao":"E","data_publicacao":null,"numero_origem_externa":"","ano_origem_externa":null,"data_origem_externa":null,"apelido":"","dias_prazo":null,"data_fim_prazo":null,"em_tramitacao":true,"polemica":false,"objeto":"","complementar":false,"ementa":"Institui, no \u00e2mbito do Munic\u00edpio de S\u00e3o Mamede \u2013 PB, o \u201cAgosto Verde: M\u00eas da Primeira Inf\u00e2ncia\u201d, em conformidade com a Lei Federal n\u00ba 14.617, de 10 de julho de 2023, e d\u00e1 outras provid\u00eancias.","indexacao":"","observacao":"","resultado":"","texto_original":null,"data_ultima_atualizacao":"2025-08-25T14:02:41.376881-03:00","ip":"206.42.29.54","ultima_edicao":"2025-08-25T14:01:43.473807-03:00","tipo":1,"regime_tramitacao":1,"tipo_origem_externa":null,"local_origem_externa":null,"user":6,"anexadas":[],"autores":[12]}