{"id":87,"__str__":"Projeto de Lei Ordin\u00e1rio do Executivo n\u00ba 9 de 2025","link_detail_backend":"/materia/87","metadata":{},"numero":9,"ano":2025,"numero_protocolo":null,"data_apresentacao":"2025-07-28","tipo_apresentacao":"E","data_publicacao":null,"numero_origem_externa":"","ano_origem_externa":null,"data_origem_externa":null,"apelido":"","dias_prazo":null,"data_fim_prazo":null,"em_tramitacao":true,"polemica":false,"objeto":"","complementar":false,"ementa":"Abre cr\u00e9dito especial ao Or\u00e7amento do corrente Exerc\u00edcio 2025, destinado a Manuten\u00e7\u00e3o das A\u00e7\u00f5es e Servi\u00e7os P\u00fablicos de Sa\u00fade da MAC- Aten\u00e7\u00e3o de M\u00e9dia e Alta Complexidade Ambulatorial e Hospitalar, Vigil\u00e2ncia em Sa\u00fade e Farm\u00e1cia B\u00e1sica, para fins que menciona, e d\u00e1 outras provid\u00eancias.","indexacao":"","observacao":"","resultado":"","texto_original":null,"data_ultima_atualizacao":"2025-07-28T14:09:36.378569-03:00","ip":"206.42.29.54","ultima_edicao":"2025-07-28T14:09:36.282951-03:00","tipo":9,"regime_tramitacao":2,"tipo_origem_externa":null,"local_origem_externa":null,"user":6,"anexadas":[],"autores":[20]}