{"id":59,"__str__":"Mo\u00e7\u00e3o de Congratula\u00e7\u00f5es e Aplausos n\u00ba 7 de 2025","link_detail_backend":"/materia/59","metadata":{},"numero":7,"ano":2025,"numero_protocolo":null,"data_apresentacao":"2025-05-05","tipo_apresentacao":"E","data_publicacao":null,"numero_origem_externa":"","ano_origem_externa":null,"data_origem_externa":null,"apelido":"","dias_prazo":null,"data_fim_prazo":null,"em_tramitacao":true,"polemica":false,"objeto":"","complementar":false,"ementa":"Mo\u00e7\u00e3o de Congratula\u00e7\u00f5es e Aplausos direcionada \u00e0 Secretaria de Cultura e Artes de S\u00e3o Mamede - PB, bem como a todos os artistas, produtores, volunt\u00e1rios e demais envolvidos na grandiosa realiza\u00e7\u00e3o do espet\u00e1culo \"A Paix\u00e3o de Cristo\".","indexacao":"","observacao":"","resultado":"","texto_original":null,"data_ultima_atualizacao":"2025-05-05T12:45:39.665947-03:00","ip":"177.37.237.100","ultima_edicao":"2025-05-05T12:44:41.269238-03:00","tipo":7,"regime_tramitacao":1,"tipo_origem_externa":null,"local_origem_externa":null,"user":6,"anexadas":[],"autores":[11]}