{"id":4,"__str__":"Requerimento n\u00ba 2 de 2025","link_detail_backend":"/materia/4","metadata":{},"numero":2,"ano":2025,"numero_protocolo":null,"data_apresentacao":"2025-02-10","tipo_apresentacao":"O","data_publicacao":null,"numero_origem_externa":"","ano_origem_externa":null,"data_origem_externa":null,"apelido":"","dias_prazo":null,"data_fim_prazo":null,"em_tramitacao":true,"polemica":false,"objeto":"","complementar":false,"ementa":"Solicita\u00e7\u00e3o: Que seja interditada uma das vias da Av. Francisco de Assis Medeiros, de segunda a sexta-feira, no hor\u00e1rio das 17:00h \u00e0s 20:00h, para a pr\u00e1tica de esportes, como: caminhada, corrida e pedal.","indexacao":"","observacao":"","resultado":"","texto_original":"http://sapl.saomamede.pb.leg.br/media/sapl/public/materialegislativa/2025/4/requerimento_no_02_2025_-_interdicao_de_uma_das_vias_da_av._francisco_de_assis_medeiros.pdf","data_ultima_atualizacao":"2025-02-17T11:05:28.333080-03:00","ip":"177.37.237.100","ultima_edicao":"2025-02-17T11:03:55.322645-03:00","tipo":3,"regime_tramitacao":1,"tipo_origem_externa":null,"local_origem_externa":null,"user":6,"anexadas":[],"autores":[14]}