{"id":31,"__str__":"Mo\u00e7\u00e3o de Congratula\u00e7\u00f5es e Aplausos n\u00ba 5 de 2025","link_detail_backend":"/materia/31","metadata":{},"numero":5,"ano":2025,"numero_protocolo":null,"data_apresentacao":"2025-03-13","tipo_apresentacao":"E","data_publicacao":null,"numero_origem_externa":"","ano_origem_externa":null,"data_origem_externa":null,"apelido":"","dias_prazo":null,"data_fim_prazo":null,"em_tramitacao":true,"polemica":false,"objeto":"","complementar":false,"ementa":"Mo\u00e7\u00e3o de Congratula\u00e7\u00f5es e Aplausos, direcionada \u00e0s Excelent\u00edssimas Sras. Vereadoras Eva Bezerra Ara\u00fajo de Lucena e Luiza S\u00e1tyro Morais de Medeiros e, por extens\u00e3o, a todas as mulheres de nossa cidade.","indexacao":"","observacao":"","resultado":"","texto_original":null,"data_ultima_atualizacao":"2025-03-13T16:26:37.275189-03:00","ip":"177.37.237.100","ultima_edicao":"2025-03-13T16:25:43.508532-03:00","tipo":7,"regime_tramitacao":1,"tipo_origem_externa":null,"local_origem_externa":null,"user":6,"anexadas":[],"autores":[16]}