{"id":220,"__str__":"Requerimento n\u00ba 10 de 2026","link_detail_backend":"/materia/220","metadata":{},"numero":10,"ano":2026,"numero_protocolo":null,"data_apresentacao":"2026-03-30","tipo_apresentacao":"E","data_publicacao":null,"numero_origem_externa":"","ano_origem_externa":null,"data_origem_externa":null,"apelido":"","dias_prazo":null,"data_fim_prazo":null,"em_tramitacao":true,"polemica":false,"objeto":"","complementar":false,"ementa":"Solicita a implanta\u00e7\u00e3o do programa sa\u00fade do trabalhador, no \u00e2mbito da rede municipal de sa\u00fade, com a organiza\u00e7\u00e3o de atendimentos em hor\u00e1rio estendido/noturno nas Unidades B\u00e1sicas de Sa\u00fade (UBS\u2019s), ao menos uma vez por semana, com o objetivo de garantir o acesso dos trabalhadores que,\r\nem raz\u00e3o de suas atividades laborais, encontram-se impossibilitados de buscar atendimento em hor\u00e1rio convencional.","indexacao":"","observacao":"","resultado":"","texto_original":null,"data_ultima_atualizacao":"2026-03-30T17:50:34.097305-03:00","ip":"206.42.29.54","ultima_edicao":"2026-03-30T17:49:57.920557-03:00","tipo":3,"regime_tramitacao":1,"tipo_origem_externa":null,"local_origem_externa":null,"user":6,"anexadas":[],"autores":[12]}