{"id":213,"__str__":"Indica\u00e7\u00e3o n\u00ba 1 de 2026","link_detail_backend":"/materia/213","metadata":{},"numero":1,"ano":2026,"numero_protocolo":null,"data_apresentacao":"2026-03-09","tipo_apresentacao":"E","data_publicacao":null,"numero_origem_externa":"","ano_origem_externa":null,"data_origem_externa":null,"apelido":"","dias_prazo":null,"data_fim_prazo":null,"em_tramitacao":true,"polemica":false,"objeto":"","complementar":false,"ementa":"Indica ao Poder Executivo Municipal a reimplanta\u00e7\u00e3o do aplicativo colaborativo \u201cGest\u00e3o Colaborativa, Participa\u00e7\u00e3o e Inova\u00e7\u00e3o\u201d, destinado ao recebimento, registro e encaminhamento de demandas da popula\u00e7\u00e3o \u00e0s secretarias da Administra\u00e7\u00e3o P\u00fablica Municipal de S\u00e3o Mamede \u2013 PB,\r\nmediante a designa\u00e7\u00e3o de servidor respons\u00e1vel pela administra\u00e7\u00e3o da plataforma digital e pela distribui\u00e7\u00e3o das demandas aos \u00f3rg\u00e3os competentes.","indexacao":"","observacao":"","resultado":"","texto_original":null,"data_ultima_atualizacao":"2026-03-30T17:42:46.222675-03:00","ip":"206.42.29.54","ultima_edicao":"2026-03-30T17:42:00.201500-03:00","tipo":8,"regime_tramitacao":1,"tipo_origem_externa":null,"local_origem_externa":null,"user":6,"anexadas":[],"autores":[16]}