{"id":188,"__str__":"Requerimento n\u00ba 3 de 2026","link_detail_backend":"/materia/188","metadata":{},"numero":3,"ano":2026,"numero_protocolo":null,"data_apresentacao":"2026-02-09","tipo_apresentacao":"E","data_publicacao":null,"numero_origem_externa":"","ano_origem_externa":null,"data_origem_externa":null,"apelido":"","dias_prazo":null,"data_fim_prazo":null,"em_tramitacao":true,"polemica":false,"objeto":"","complementar":false,"ementa":"Solicita a reforma da Pra\u00e7a do Conjunto Jardim S\u00e3o Mamede, com especial aten\u00e7\u00e3o \u00e0 recupera\u00e7\u00e3o ou substitui\u00e7\u00e3o dos equipamentos de muscula\u00e7\u00e3o\r\natualmente danificados.","indexacao":"","observacao":"","resultado":"","texto_original":null,"data_ultima_atualizacao":"2026-02-23T14:03:50.769452-03:00","ip":"206.42.29.54","ultima_edicao":"2026-02-23T14:02:35.938332-03:00","tipo":3,"regime_tramitacao":1,"tipo_origem_externa":null,"local_origem_externa":null,"user":6,"anexadas":[],"autores":[16]}