{"id":147,"__str__":"Mo\u00e7\u00e3o de Congratula\u00e7\u00f5es e Aplausos n\u00ba 21 de 2025","link_detail_backend":"/materia/147","metadata":{},"numero":21,"ano":2025,"numero_protocolo":null,"data_apresentacao":"2025-11-17","tipo_apresentacao":"E","data_publicacao":null,"numero_origem_externa":"","ano_origem_externa":null,"data_origem_externa":null,"apelido":"","dias_prazo":null,"data_fim_prazo":null,"em_tramitacao":true,"polemica":false,"objeto":"","complementar":false,"ementa":"Mo\u00e7\u00e3o de Congratula\u00e7\u00f5es e Aplausos \u00e0 Secret\u00e1ria Municipal de Sa\u00fade, Sra. Vanilda Gambarra de Medeiros Lopes, em reconhecimento \u00e0 brilhante iniciativa e organiza\u00e7\u00e3o do evento \u201cCorrida do Rosa ao Azul\u201d, realizado no munic\u00edpio de S\u00e3o Mamede \u2013 PB.","indexacao":"","observacao":"","resultado":"","texto_original":null,"data_ultima_atualizacao":"2025-11-17T18:22:29.245112-03:00","ip":"206.42.29.54","ultima_edicao":"2025-11-17T18:21:44.807441-03:00","tipo":7,"regime_tramitacao":1,"tipo_origem_externa":null,"local_origem_externa":null,"user":6,"anexadas":[],"autores":[11]}